{"id":71577,"date":"2022-02-18T08:09:51","date_gmt":"2022-02-18T14:09:51","guid":{"rendered":"http:\/\/diariodigitalmx.com\/?p=71577"},"modified":"2022-02-18T08:10:33","modified_gmt":"2022-02-18T14:10:33","slug":"libertad-de-expresion","status":"publish","type":"post","link":"https:\/\/diariodigitalmx.com\/index.php\/2022\/02\/18\/libertad-de-expresion\/","title":{"rendered":"Libertad de expresi\u00f3n"},"content":{"rendered":"\n<p>\u00d3scar Tamez Rodr\u00edguez&nbsp;<\/p>\n\n\n\n<p>El presidente atraviesa una crisis de imagen y credibilidad por el estilo de vida de su hijo quien vive como magnate y no tiene empleo. Como dec\u00eda mi abuela Juana: \u201cni oficio ni beneficio\u201d.<\/p>\n\n\n\n<p>En respuesta arremete contra el periodista quien investiga los hechos. Esto se da en el momento en donde se han asesinado a media decena de periodistas.<\/p>\n\n\n\n<p>Es lamentable el ataque a la libertad de expresi\u00f3n pues como lo hemos escrito en Pol\u00edtica e Historia un buen n\u00famero de veces y confirm\u00f3 el ministro Sald\u00edvar: \u201csin libertad de expresi\u00f3n no hay democracia\u201d.<\/p>\n\n\n\n<p>No se trata de proteger los excesos en algunos periodistas, se trata de proteger la democracia. Conocemos del oficio period\u00edstico, sabemos de algunos casos donde la credencial de periodista se convierte en licencia para desprestigiar, atacar, denostar.<\/p>\n\n\n\n<p>En este caso, las acciones del mandatario son violatorias a las libertades de pensamiento y de expresi\u00f3n, expliquemos.<\/p>\n\n\n\n<p>Primero. Exhibe salarios de un periodista pretendiendo decir que gana mucho dinero y cobra por ser \u201csicario de la pluma\u201d (esto lo escribo yo) a sueldo de empresas interesadas en da\u00f1ar su gobierno.<\/p>\n\n\n\n<p>Creyendo sin conceder que es cierta la expresi\u00f3n del gobernante, mientras no comenta un delito o irregularidad fiscal, el periodista puede cobrar en donde le quieran pagar. Basta de vender la idea de que los periodistas son ap\u00f3stoles y que al cobrar por su trabajo se convierten en \u00e1ngeles ca\u00eddos.<\/p>\n\n\n\n<p>Los periodistas trabajan por dinero y en consecuencia buscan vender su trabajo, su trabajo es la pluma (bueno, lo escrito en el ordenador).<\/p>\n\n\n\n<p>No es necesario abundar en el delito de violar la privacidad de datos; vamos al esp\u00edritu de las constituciones republicanas en M\u00e9xico, empecemos por la de 1814.<\/p>\n\n\n\n<p>En los Sentimientos de la Naci\u00f3n, el fundamento para la Constituci\u00f3n de Apatzing\u00e1n de Jos\u00e9 Ma. Morelos, ese personaje que tanto idolatra el mandatario, en uno de los 23 puntos escribe que existe libertad de empleo mientras \u00e9ste sea honesto.&nbsp;<\/p>\n\n\n\n<p>Las siguientes constituciones, hasta llegar a la de 1917 con sus reformas; protegen los derechos de los mexicanos a tener un modo honesto de vida y no ser molestados en su patrimonio (el cual inicia con sus ingresos honestos) ni en sus bienes.<\/p>\n\n\n\n<p>El inter\u00e9s del mandatario tiene dos prop\u00f3sitos: abrir una cortina de humo que distraiga del exc\u00e9ntrico modo de vida de parte del mantenido de su hijo, aclaro, le llamo mantenido porque en un principio el presidente se\u00f1al\u00f3 que la esposa ten\u00eda dinero y era quien financiaba el estilo de vida que llevaba el v\u00e1stago.<\/p>\n\n\n\n<p>El otro prop\u00f3sito es mediante un metalenguaje, desacreditar al mensajero. En un pa\u00eds de extrema pobreza, la riqueza se convierte en un delito casi por transmisi\u00f3n de cualidades.<\/p>\n\n\n\n<p>Agrega d\u00edas despu\u00e9s el jefe del ejecutivo que responde a quienes exhiben la corrupci\u00f3n en su gobierno porque tiene como ciudadano libertad de expresi\u00f3n.<\/p>\n\n\n\n<p>No, se equivoca el mandatario, \u00e9l no es un ciudadano tal cual, es un servidor p\u00fablico quien se rige por las leyes que regulan a los servidores p\u00fablicos, incluido el derecho de r\u00e9plica y la libertad de pensamiento o expresi\u00f3n.<\/p>\n\n\n\n<p>Siendo historiador el mandatario (eso afirma \u00e9l), deber\u00eda saber que, la revoluci\u00f3n francesa y las constituciones derivadas de la surgida en ese movimiento social, tienen como fundamento de las libertades a la de pensamiento y la de expresi\u00f3n.<\/p>\n\n\n\n<p>El mandatario no tiene libertad de expresi\u00f3n, la libertad es un derecho de los ciudadanos para no ser reprimidos por el gobernante. Pero ante el desconocimiento, reprime a los periodistas bajo el argumento de la libertad misma.<\/p>\n\n\n\n<p>La libertad es derecho para defenderse de los abusos del poder. \u00a1No nos equivoquemos!<\/p>\n","protected":false},"excerpt":{"rendered":"<p>\u00d3scar Tamez Rodr\u00edguez&nbsp; El presidente atraviesa una crisis de imagen y credibilidad por el estilo de vida de su hijo quien vive como magnate y no tiene empleo. Como dec\u00eda mi abuela Juana: \u201cni oficio ni beneficio\u201d. En respuesta arremete contra el periodista quien investiga los hechos. Esto se da en el momento en donde [&hellip;]<\/p>\n","protected":false},"author":1,"featured_media":71579,"comment_status":"open","ping_status":"open","sticky":true,"template":"","format":"standard","meta":{"footnotes":""},"categories":[12,5],"tags":[],"_links":{"self":[{"href":"https:\/\/diariodigitalmx.com\/index.php\/wp-json\/wp\/v2\/posts\/71577"}],"collection":[{"href":"https:\/\/diariodigitalmx.com\/index.php\/wp-json\/wp\/v2\/posts"}],"about":[{"href":"https:\/\/diariodigitalmx.com\/index.php\/wp-json\/wp\/v2\/types\/post"}],"author":[{"embeddable":true,"href":"https:\/\/diariodigitalmx.com\/index.php\/wp-json\/wp\/v2\/users\/1"}],"replies":[{"embeddable":true,"href":"https:\/\/diariodigitalmx.com\/index.php\/wp-json\/wp\/v2\/comments?post=71577"}],"version-history":[{"count":1,"href":"https:\/\/diariodigitalmx.com\/index.php\/wp-json\/wp\/v2\/posts\/71577\/revisions"}],"predecessor-version":[{"id":71578,"href":"https:\/\/diariodigitalmx.com\/index.php\/wp-json\/wp\/v2\/posts\/71577\/revisions\/71578"}],"wp:featuredmedia":[{"embeddable":true,"href":"https:\/\/diariodigitalmx.com\/index.php\/wp-json\/wp\/v2\/media\/71579"}],"wp:attachment":[{"href":"https:\/\/diariodigitalmx.com\/index.php\/wp-json\/wp\/v2\/media?parent=71577"}],"wp:term":[{"taxonomy":"category","embeddable":true,"href":"https:\/\/diariodigitalmx.com\/index.php\/wp-json\/wp\/v2\/categories?post=71577"},{"taxonomy":"post_tag","embeddable":true,"href":"https:\/\/diariodigitalmx.com\/index.php\/wp-json\/wp\/v2\/tags?post=71577"}],"curies":[{"name":"wp","href":"https:\/\/api.w.org\/{rel}","templated":true}]}}