{"id":71586,"date":"2022-02-18T11:51:59","date_gmt":"2022-02-18T17:51:59","guid":{"rendered":"http:\/\/diariodigitalmx.com\/?p=71586"},"modified":"2022-02-18T11:52:42","modified_gmt":"2022-02-18T17:52:42","slug":"regreso-a-monterrey-vi","status":"publish","type":"post","link":"https:\/\/diariodigitalmx.com\/index.php\/2022\/02\/18\/regreso-a-monterrey-vi\/","title":{"rendered":"Regreso a Monterrey\u2026 VI"},"content":{"rendered":"\n<p>Ra\u00fal Guajardo Cant\u00fa <\/p>\n\n\n\n<p>Hace unos pocos a\u00f1os, durante el sexenio de Rodrigo Medina, se aprob\u00f3 la construcci\u00f3n del acueducto llamado Monterrey VI a trav\u00e9s del cual se traer\u00eda agua del P\u00e1nuco a la zona metropolitana de Monterrey.<\/p>\n\n\n\n<p>No era una posibilidad que se hubiera estudiado en ese momento, desde los a\u00f1os 80 ya se hab\u00eda planteado, inclusive por estos d\u00edas circul\u00f3 un video en donde Don Alfonso Mart\u00ednez Dom\u00ednguez se manifestaba en contra de esa opci\u00f3n debido a lo cara que seguramente ser\u00eda y su propuesta era m\u00e1s en el sentido de limitar el crecimiento poblacional.<\/p>\n\n\n\n<p>Cuando Medina plantea el proyecto, muchas voces se levantaron en su contra, incluyendo la del actual gobernador Samuel Garc\u00eda, se\u00f1alando que ser\u00eda caro, hipotecar\u00eda el presupuesto del estado y, adem\u00e1s, generar\u00eda problemas de car\u00e1cter ecol\u00f3gico.<\/p>\n\n\n\n<p>Al final de cuentas el proyecto se cancel\u00f3, precisamente porque se dijo que era demasiado caro y se sospechaba de corrupci\u00f3n al participar la que se consideraba la constructora favorita de Pe\u00f1a Nieto, Higa.<\/p>\n\n\n\n<p>Al parecer en ese momento nadie repar\u00f3 en que el agua m\u00e1s cara es la que no se tiene, tampoco en los informes que se\u00f1alaban que toda la regi\u00f3n correspondiente al sur de Estados Unidos y norte de M\u00e9xico enfrentaba una de las sequ\u00edas m\u00e1s importantes de los \u00faltimos tiempos y que la misma se prolongar\u00eda. Estos informes inclusive subrayaban las disputas que se presentaban dese ese tiempo entre dos estados del suroeste estadounidense.<\/p>\n\n\n\n<p>Hoy se revive la posibilidad del proyecto Monterrey VI, dicen que eliminando los sobrecostos y haciendo part\u00edcipes a los estados vecinos, Tamaulipas y Coahuila.<\/p>\n\n\n\n<p>El objetivo, considero, debe ser eliminar la probabilidad de una falta de agua potable para el agua metropolitana de Monterrey, encontrar el \u201cc\u00f3mo s\u00ed\u201d acabar con el problema c\u00edclico que enfrentamos, de otra forma, por m\u00e1s presas que se hagan, si el agua no es nuestra o no tenemos derecho a la que se acumule, el objetivo no se cumple.<\/p>\n","protected":false},"excerpt":{"rendered":"<p>Ra\u00fal Guajardo Cant\u00fa Hace unos pocos a\u00f1os, durante el sexenio de Rodrigo Medina, se aprob\u00f3 la construcci\u00f3n del acueducto llamado Monterrey VI a trav\u00e9s del cual se traer\u00eda agua del P\u00e1nuco a la zona metropolitana de Monterrey. No era una posibilidad que se hubiera estudiado en ese momento, desde los a\u00f1os 80 ya se hab\u00eda [&hellip;]<\/p>\n","protected":false},"author":1,"featured_media":71588,"comment_status":"open","ping_status":"open","sticky":true,"template":"","format":"standard","meta":{"footnotes":""},"categories":[12,5],"tags":[],"_links":{"self":[{"href":"https:\/\/diariodigitalmx.com\/index.php\/wp-json\/wp\/v2\/posts\/71586"}],"collection":[{"href":"https:\/\/diariodigitalmx.com\/index.php\/wp-json\/wp\/v2\/posts"}],"about":[{"href":"https:\/\/diariodigitalmx.com\/index.php\/wp-json\/wp\/v2\/types\/post"}],"author":[{"embeddable":true,"href":"https:\/\/diariodigitalmx.com\/index.php\/wp-json\/wp\/v2\/users\/1"}],"replies":[{"embeddable":true,"href":"https:\/\/diariodigitalmx.com\/index.php\/wp-json\/wp\/v2\/comments?post=71586"}],"version-history":[{"count":1,"href":"https:\/\/diariodigitalmx.com\/index.php\/wp-json\/wp\/v2\/posts\/71586\/revisions"}],"predecessor-version":[{"id":71587,"href":"https:\/\/diariodigitalmx.com\/index.php\/wp-json\/wp\/v2\/posts\/71586\/revisions\/71587"}],"wp:featuredmedia":[{"embeddable":true,"href":"https:\/\/diariodigitalmx.com\/index.php\/wp-json\/wp\/v2\/media\/71588"}],"wp:attachment":[{"href":"https:\/\/diariodigitalmx.com\/index.php\/wp-json\/wp\/v2\/media?parent=71586"}],"wp:term":[{"taxonomy":"category","embeddable":true,"href":"https:\/\/diariodigitalmx.com\/index.php\/wp-json\/wp\/v2\/categories?post=71586"},{"taxonomy":"post_tag","embeddable":true,"href":"https:\/\/diariodigitalmx.com\/index.php\/wp-json\/wp\/v2\/tags?post=71586"}],"curies":[{"name":"wp","href":"https:\/\/api.w.org\/{rel}","templated":true}]}}