{"id":71589,"date":"2022-02-18T12:51:46","date_gmt":"2022-02-18T18:51:46","guid":{"rendered":"http:\/\/diariodigitalmx.com\/?p=71589"},"modified":"2022-02-18T12:58:45","modified_gmt":"2022-02-18T18:58:45","slug":"aguas-con-el-agua","status":"publish","type":"post","link":"https:\/\/diariodigitalmx.com\/index.php\/2022\/02\/18\/aguas-con-el-agua\/","title":{"rendered":"Aguas con el agua"},"content":{"rendered":"\n<p>Arnulfo Vigil<\/p>\n\n\n\n<p>Con estos calorones y sin agua. \u00a1Oh Dios! Y las aguas del r\u00edo Jord\u00e1n no acabar\u00e1n con la sed ni la desalinizaci\u00f3n de todos los mares menguar\u00e1 la angustia ni la concentraci\u00f3n de lagos y lagunas evitar\u00e1 la deshidrataci\u00f3n y ni todos los pozos ni los ojos de agua ser\u00e1n suficientes para mitigar la sed de un pueblo que muere flaco y ojeroso.<\/p>\n\n\n\n<p>Perd\u00f3n por el reflujo tonal apocal\u00edptico pero es que ante la carencia de agua, ocasionada m\u00e1s por la falta de previsi\u00f3n que por la peor sequ\u00eda de los \u00faltimos mil doscientos a\u00f1os, como se dijo, parece que estamos en el d\u00eda del juicio final.&nbsp;<\/p>\n\n\n\n<p>&nbsp;&nbsp;&nbsp; Las presas que abastecen el \u00e1rea metropolitana de Monterrey est\u00e1n exang\u00fces, los pozos que se encuentran en la macroplaza no son suficientes, los pozos emergentes sitos en el obelisco de Juan Ignacio Ram\u00f3n y Cuauht\u00e9moc no se han explotado, la presa rompepicos que impide la entrada de agua de tifones no tiene agua. La situaci\u00f3n est\u00e1 m\u00e1s que calamitosa. Y ahora qui\u00e9n nos salvar\u00e1.&nbsp;<\/p>\n\n\n\n<p>\u00a0\u00a0\u00a0 El otro Juan, Juan Ignacio Barrag\u00e1n, urban\u00f3logo a cargo de la empresa estatal Agua y Drenaje hace hasta lo imposible por paliar la grave crisis, que al paso de los d\u00edas va a empeorar. Hasta tuvo que ir con el gobernador, Samuel Garc\u00eda, a Reynosa a entrevistarse con el embajador de EU en M\u00e9xico, Ken Salazar y con gobernadores colindantes para tratar el tema del agua o, m\u00e1s bien, de la falta de agua. Y ni modo que Samuel se traiga el agua del R\u00edo Bravo. No puede porque desaparecer\u00eda la frontera con Estados Unidos.\u00a0\u00a0<\/p>\n\n\n\n<p>\u00a0\u00a0\u00a0 Y reci\u00e9n se dio a conocer la noticia de que se revivir\u00e1 el proyecto de traer agua del R\u00edo P\u00e1nuco de Veracruz, conocido como Mty. VI. Dicho proyecto fue apuntalado por el ex gobernador Rodrigo Medina y apoyado por el Presidente Pe\u00f1a Nieto. Pero no se concret\u00f3. El sucesor de Medina, Jaime Rodr\u00edguez, no lo sigui\u00f3 argumentado ser muy costoso. Dicho proyecto fue denostado por Fernando Elizondo, hoy la mano que mece la cuna en el gobierno del nuevo Nuevo Le\u00f3n.\u00a0<\/p>\n\n\n\n<p>&nbsp;&nbsp;&nbsp; Otra opci\u00f3n es seguir perforando pozos cada vez m\u00e1s profundos, hasta que los mantos acu\u00edferos digan ya no, no, por favor. Y se seque la tierra. Y la erosi\u00f3n destruya ciudades. Y no quede piedra sobre piedra. Pero esas opciones son costosas y no est\u00e1n contempladas dentro del presupuesto anual del Gobierno del Estado. Por lo tanto tendr\u00e1 que desviar presupuestos. Ojal\u00e1 se los quite a Semex, la empresa que acaba de ganar la licitaci\u00f3n (a modo) del Sintram, porque qued\u00f3 mal con la Ecov\u00eda.&nbsp;<\/p>\n\n\n\n<p>&nbsp;&nbsp;&nbsp; Pero bueno. Estamos en la administraci\u00f3n del nuevo Nuevo Le\u00f3n, promulgado a pulm\u00f3n batiente por el gobernador Samuel Garc\u00eda, que no es el gobernador m\u00e1s joven de Nuevo Le\u00f3n, y por lo tanto se requieren nuevos m\u00e9todos, formas, opciones, posibilidades, de solucionar el problema de la falta de agua, un problema ancestral en nuestro Estado. Y si es un nuevo gobierno, aunque algunas ma\u00f1as de sus principales funcionarios lo desdicen, entonces debe haber nuevas maneras de arreglar un problema recurrente, no revivir proyectos fallidos y repudiados, adem\u00e1s de tardados.&nbsp;&nbsp;&nbsp;&nbsp;&nbsp;&nbsp;<\/p>\n\n\n\n<p>&nbsp;&nbsp;&nbsp; Simplemente \u00bfc\u00f3mo, le hizo Israel, un pa\u00eds des\u00e9rtico, para obtener agua?<\/p>\n","protected":false},"excerpt":{"rendered":"<p>Arnulfo Vigil Con estos calorones y sin agua. \u00a1Oh Dios! Y las aguas del r\u00edo Jord\u00e1n no acabar\u00e1n con la sed ni la desalinizaci\u00f3n de todos los mares menguar\u00e1 la angustia ni la concentraci\u00f3n de lagos y lagunas evitar\u00e1 la deshidrataci\u00f3n y ni todos los pozos ni los ojos de agua ser\u00e1n suficientes para mitigar [&hellip;]<\/p>\n","protected":false},"author":1,"featured_media":71591,"comment_status":"open","ping_status":"open","sticky":true,"template":"","format":"standard","meta":{"footnotes":""},"categories":[12,5],"tags":[],"_links":{"self":[{"href":"https:\/\/diariodigitalmx.com\/index.php\/wp-json\/wp\/v2\/posts\/71589"}],"collection":[{"href":"https:\/\/diariodigitalmx.com\/index.php\/wp-json\/wp\/v2\/posts"}],"about":[{"href":"https:\/\/diariodigitalmx.com\/index.php\/wp-json\/wp\/v2\/types\/post"}],"author":[{"embeddable":true,"href":"https:\/\/diariodigitalmx.com\/index.php\/wp-json\/wp\/v2\/users\/1"}],"replies":[{"embeddable":true,"href":"https:\/\/diariodigitalmx.com\/index.php\/wp-json\/wp\/v2\/comments?post=71589"}],"version-history":[{"count":3,"href":"https:\/\/diariodigitalmx.com\/index.php\/wp-json\/wp\/v2\/posts\/71589\/revisions"}],"predecessor-version":[{"id":71593,"href":"https:\/\/diariodigitalmx.com\/index.php\/wp-json\/wp\/v2\/posts\/71589\/revisions\/71593"}],"wp:featuredmedia":[{"embeddable":true,"href":"https:\/\/diariodigitalmx.com\/index.php\/wp-json\/wp\/v2\/media\/71591"}],"wp:attachment":[{"href":"https:\/\/diariodigitalmx.com\/index.php\/wp-json\/wp\/v2\/media?parent=71589"}],"wp:term":[{"taxonomy":"category","embeddable":true,"href":"https:\/\/diariodigitalmx.com\/index.php\/wp-json\/wp\/v2\/categories?post=71589"},{"taxonomy":"post_tag","embeddable":true,"href":"https:\/\/diariodigitalmx.com\/index.php\/wp-json\/wp\/v2\/tags?post=71589"}],"curies":[{"name":"wp","href":"https:\/\/api.w.org\/{rel}","templated":true}]}}