{"id":71606,"date":"2022-02-18T23:08:55","date_gmt":"2022-02-19T05:08:55","guid":{"rendered":"http:\/\/diariodigitalmx.com\/?p=71606"},"modified":"2022-02-18T23:09:30","modified_gmt":"2022-02-19T05:09:30","slug":"vecinos-del-sur-de-monterrey-a-un-paso-de-echar-abajo-linea-5-del-metro","status":"publish","type":"post","link":"https:\/\/diariodigitalmx.com\/index.php\/2022\/02\/18\/vecinos-del-sur-de-monterrey-a-un-paso-de-echar-abajo-linea-5-del-metro\/","title":{"rendered":"Vecinos del sur de Monterrey a un paso de echar abajo L\u00ednea 5 del Metro"},"content":{"rendered":"\n<p>Walter Elizondo&nbsp;<\/p>\n\n\n\n<p>Monterrey &#8211; El gobierno de Nuevo Le\u00f3n est\u00e1 a punto de ceder ante las presiones de los vecinos del sur de Monterrey, que rechazan la L\u00ednea 5 del Metro porque degradar\u00e1 su entorno y sus propiedades.&nbsp;<\/p>\n\n\n\n<p>Al iniciar los foros de informaci\u00f3n sobre la obra con los vecinos sure\u00f1os, Hern\u00e1n Villarreal, Secretario de Movilidad, les comento la posibilidad de llevar la obra como L\u00ednea 6 a otra zona metropolitana.&nbsp;<\/p>\n\n\n\n<p>&#8220;Una opci\u00f3n es no hacerlo e irnos a la L\u00ednea 6, que dicho sea de paso Guadalupe, Apodaca y San Nicol\u00e1s estar\u00edan muy contentos. Actualmente est\u00e1 en proceso de elaboraci\u00f3n los estudios preliminares de ingenier\u00edas, esto est\u00e1 en proceso, est\u00e1 licitado&#8221;, agreg\u00f3 Villarreal.&nbsp;<\/p>\n\n\n\n<p>Desde enero pasado cuando se anunci\u00f3 la L\u00ednea 5 por la avenida Garza Sada hasta la zona llamada Mederos, los vecinos se han opuesto, al menos que sea subterr\u00e1neo el Metro, pero el Estado asegura que resulta demasiado caro y llevar\u00eda cinco a\u00f1os la construcci\u00f3n.&nbsp;<\/p>\n\n\n\n<p>El Gobierno propuso Metro elevado o bien a nivel de superficie pero la obra disminuye dos carriles a la avenida Garza Sada.&nbsp;<\/p>\n\n\n\n<p>Villarreal dijo que no hay problema en construir en otro sector.&nbsp;<\/p>\n\n\n\n<p>&#8220;Nosotros no tenemos problema en irnos de la L\u00ednea 4 y agarrar para el norte, y si la manifestaci\u00f3n de los vecinos creen que es lo m\u00e1s conveniente, as\u00ed vamos actuar. Meterse a hacer un metro subterr\u00e1neo para m\u00ed ser\u00eda algo suicida como funcionario&#8221;.&nbsp;<\/p>\n","protected":false},"excerpt":{"rendered":"<p>Walter Elizondo&nbsp; Monterrey &#8211; El gobierno de Nuevo Le\u00f3n est\u00e1 a punto de ceder ante las presiones de los vecinos del sur de Monterrey, que rechazan la L\u00ednea 5 del Metro porque degradar\u00e1 su entorno y sus propiedades.&nbsp; Al iniciar los foros de informaci\u00f3n sobre la obra con los vecinos sure\u00f1os, Hern\u00e1n Villarreal, Secretario de [&hellip;]<\/p>\n","protected":false},"author":1,"featured_media":71608,"comment_status":"open","ping_status":"open","sticky":true,"template":"","format":"standard","meta":{"footnotes":""},"categories":[6,3],"tags":[],"_links":{"self":[{"href":"https:\/\/diariodigitalmx.com\/index.php\/wp-json\/wp\/v2\/posts\/71606"}],"collection":[{"href":"https:\/\/diariodigitalmx.com\/index.php\/wp-json\/wp\/v2\/posts"}],"about":[{"href":"https:\/\/diariodigitalmx.com\/index.php\/wp-json\/wp\/v2\/types\/post"}],"author":[{"embeddable":true,"href":"https:\/\/diariodigitalmx.com\/index.php\/wp-json\/wp\/v2\/users\/1"}],"replies":[{"embeddable":true,"href":"https:\/\/diariodigitalmx.com\/index.php\/wp-json\/wp\/v2\/comments?post=71606"}],"version-history":[{"count":1,"href":"https:\/\/diariodigitalmx.com\/index.php\/wp-json\/wp\/v2\/posts\/71606\/revisions"}],"predecessor-version":[{"id":71607,"href":"https:\/\/diariodigitalmx.com\/index.php\/wp-json\/wp\/v2\/posts\/71606\/revisions\/71607"}],"wp:featuredmedia":[{"embeddable":true,"href":"https:\/\/diariodigitalmx.com\/index.php\/wp-json\/wp\/v2\/media\/71608"}],"wp:attachment":[{"href":"https:\/\/diariodigitalmx.com\/index.php\/wp-json\/wp\/v2\/media?parent=71606"}],"wp:term":[{"taxonomy":"category","embeddable":true,"href":"https:\/\/diariodigitalmx.com\/index.php\/wp-json\/wp\/v2\/categories?post=71606"},{"taxonomy":"post_tag","embeddable":true,"href":"https:\/\/diariodigitalmx.com\/index.php\/wp-json\/wp\/v2\/tags?post=71606"}],"curies":[{"name":"wp","href":"https:\/\/api.w.org\/{rel}","templated":true}]}}