{"id":71624,"date":"2022-02-18T23:44:35","date_gmt":"2022-02-19T05:44:35","guid":{"rendered":"http:\/\/diariodigitalmx.com\/?p=71624"},"modified":"2022-02-18T23:45:09","modified_gmt":"2022-02-19T05:45:09","slug":"mc-da-palo-al-diamante-negro-y-confirma-invitacion-a-pech","status":"publish","type":"post","link":"https:\/\/diariodigitalmx.com\/index.php\/2022\/02\/18\/mc-da-palo-al-diamante-negro-y-confirma-invitacion-a-pech\/","title":{"rendered":"MC da palo al &#8220;Diamante Negro&#8221; y confirma invitaci\u00f3n a Pech"},"content":{"rendered":"\n<p>La Comisi\u00f3n Operativa Nacional de Movimiento Ciudadano acord\u00f3 invitar al doctor Jos\u00e9 Luis Pech V\u00e1rguez para que sea considerado como candidato ciudadano a la gubernatura de Quintana Roo, luego de que Roberto Palazuelos decidiera retirarse del proceso.<\/p>\n\n\n\n<p>En un comunicado se\u00f1al\u00f3 que la decisi\u00f3n est\u00e1 sustentada en la intachable trayectoria de vida del doctor Pech, el trabajo incansable que ha realizado, en diferentes espacios, por el bien de su estado, y en que ha demostrado, una y otra vez, que tiene el valor necesario para anteponer el bienestar de la gente frente a cualquier inter\u00e9s partidista.<\/p>\n\n\n\n<p>&#8220;La Comisi\u00f3n Operativa Nacional ha acordado hacerle una formal invitaci\u00f3n al Doctor Jos\u00e9 Luis Pech V\u00e1rguez para que sea considerado como candidato ciudadano a la gubernatura de Quintana Roo, durante los trabajos de la Coordinadora Ciudadana Nacional erigida en Asamblea Electoral Nacional&#8221;, indic\u00f3.<\/p>\n\n\n\n<p>Agreg\u00f3 que la decisi\u00f3n est\u00e1 sustentada en la \u201cintachable\u201d trayectoria de vida de Pech y el trabajo incansable que ha realizado en diferentes espacios por el bien de su estado.<\/p>\n\n\n\n<p>\u201cY en que ha demostrado, una y otra vez, que tiene el valor necesario para anteponer el bienestar de la gente frente a cualquier inter\u00e9s partidista\u201d, sostuvo Movimiento Ciudadano.<\/p>\n\n\n\n<p>En el documento asegur\u00f3 que el partido se ha mantenido firme en su convicci\u00f3n de defender las causas ciudadanas y abrir espacios para las personas que trabajan para hacer de M\u00e9xico un mejor lugar.<\/p>\n\n\n\n<p>\u201cNos hemos convertido en la opci\u00f3n que M\u00e9xico necesita porque, a diferencia de los partidos tradicionales, hemos sido consistentes con nuestros principios y congruentes al elegir a las personas que nos representan\u201d, a\u00f1adi\u00f3.<\/p>\n","protected":false},"excerpt":{"rendered":"<p>La Comisi\u00f3n Operativa Nacional de Movimiento Ciudadano acord\u00f3 invitar al doctor Jos\u00e9 Luis Pech V\u00e1rguez para que sea considerado como candidato ciudadano a la gubernatura de Quintana Roo, luego de que Roberto Palazuelos decidiera retirarse del proceso. En un comunicado se\u00f1al\u00f3 que la decisi\u00f3n est\u00e1 sustentada en la intachable trayectoria de vida del doctor Pech, [&hellip;]<\/p>\n","protected":false},"author":1,"featured_media":71626,"comment_status":"open","ping_status":"open","sticky":true,"template":"","format":"standard","meta":{"footnotes":""},"categories":[2,3],"tags":[],"_links":{"self":[{"href":"https:\/\/diariodigitalmx.com\/index.php\/wp-json\/wp\/v2\/posts\/71624"}],"collection":[{"href":"https:\/\/diariodigitalmx.com\/index.php\/wp-json\/wp\/v2\/posts"}],"about":[{"href":"https:\/\/diariodigitalmx.com\/index.php\/wp-json\/wp\/v2\/types\/post"}],"author":[{"embeddable":true,"href":"https:\/\/diariodigitalmx.com\/index.php\/wp-json\/wp\/v2\/users\/1"}],"replies":[{"embeddable":true,"href":"https:\/\/diariodigitalmx.com\/index.php\/wp-json\/wp\/v2\/comments?post=71624"}],"version-history":[{"count":1,"href":"https:\/\/diariodigitalmx.com\/index.php\/wp-json\/wp\/v2\/posts\/71624\/revisions"}],"predecessor-version":[{"id":71625,"href":"https:\/\/diariodigitalmx.com\/index.php\/wp-json\/wp\/v2\/posts\/71624\/revisions\/71625"}],"wp:featuredmedia":[{"embeddable":true,"href":"https:\/\/diariodigitalmx.com\/index.php\/wp-json\/wp\/v2\/media\/71626"}],"wp:attachment":[{"href":"https:\/\/diariodigitalmx.com\/index.php\/wp-json\/wp\/v2\/media?parent=71624"}],"wp:term":[{"taxonomy":"category","embeddable":true,"href":"https:\/\/diariodigitalmx.com\/index.php\/wp-json\/wp\/v2\/categories?post=71624"},{"taxonomy":"post_tag","embeddable":true,"href":"https:\/\/diariodigitalmx.com\/index.php\/wp-json\/wp\/v2\/tags?post=71624"}],"curies":[{"name":"wp","href":"https:\/\/api.w.org\/{rel}","templated":true}]}}