{"id":71630,"date":"2022-02-19T14:19:59","date_gmt":"2022-02-19T20:19:59","guid":{"rendered":"http:\/\/diariodigitalmx.com\/?p=71630"},"modified":"2022-02-19T14:24:31","modified_gmt":"2022-02-19T20:24:31","slug":"preve-precandidato-que-eleccion-de-dirigente-en-seccion-50-sea-en-mayo","status":"publish","type":"post","link":"https:\/\/diariodigitalmx.com\/index.php\/2022\/02\/19\/preve-precandidato-que-eleccion-de-dirigente-en-seccion-50-sea-en-mayo\/","title":{"rendered":"Prev\u00e9 precandidato que elecci\u00f3n de dirigente en Secci\u00f3n 50 sea en mayo"},"content":{"rendered":"\n<p>Walter Elizondo <\/p>\n\n\n\n<p>Tras el ultim\u00e1tum de la Secretaria del Trabajo y Previsi\u00f3n Social del Gobierno Federal de que se realicen ya las elecciones de dirigente en la secci\u00f3n 50 del Sindicato Nacional de Trabajadores de la Educaci\u00f3n, Jes\u00fas Ort\u00edz Morales precandidato a la secretaria general prev\u00e9 que el proceso de realice en el mes de mayo de 2022.<\/p>\n\n\n\n<p>En la elecci\u00f3n interna participaron m\u00e1s de 30 mil sindicalizados, entre maestros, personal de intendencia y de administrativos, as\u00ed como profesores jubilados, quienes por primera vez ejercer\u00e1n su derecho a voto de manera directa y secreta, agreg\u00f3.<br>Ort\u00edz Morales se reuni\u00f3 este s\u00e1bado con m\u00e1s de dos mil afiliados a la Secci\u00f3n 50 del Sindicato Nacional de Trabajadores de la Educaci\u00f3n en un sal\u00f3n de eventos del poniente de la ciudad.<\/p>\n\n\n\n<figure class=\"wp-block-image size-large\"><img loading=\"lazy\" decoding=\"async\" width=\"1024\" height=\"485\" src=\"http:\/\/diariodigitalmx.com\/wp-content\/uploads\/2022\/02\/IMG-20220219-WA0011-1024x485.jpg\" alt=\"\" class=\"wp-image-71633\" srcset=\"https:\/\/diariodigitalmx.com\/wp-content\/uploads\/2022\/02\/IMG-20220219-WA0011-1024x485.jpg 1024w, https:\/\/diariodigitalmx.com\/wp-content\/uploads\/2022\/02\/IMG-20220219-WA0011-300x142.jpg 300w, https:\/\/diariodigitalmx.com\/wp-content\/uploads\/2022\/02\/IMG-20220219-WA0011-768x364.jpg 768w, https:\/\/diariodigitalmx.com\/wp-content\/uploads\/2022\/02\/IMG-20220219-WA0011.jpg 1280w\" sizes=\"(max-width: 1024px) 100vw, 1024px\" \/><\/figure>\n\n\n\n<p>Maestros y personal de apoyo de diversos municipios acudieron al encuentro en donde brindaron su apoyo a la planilla denomina como Los Chuchos que encabeza Ort\u00edz Morales.<\/p>\n\n\n\n<p>El aspirante a secretario general dijo que la planilla ser\u00e1 integrada de manera paritaria con 50 por ciento de mujeres y hombres en m\u00e1s de 30 secretarias que integran el comit\u00e9 seccional.<\/p>\n\n\n\n<p>Entre sus propuestas hacia los mentores est\u00e1 el mejorar la calidad de los servicios m\u00e9dicos, en donde falta personal en el hospital y los centros de atenci\u00f3n que hay en los municipios, desabasto de medicamentos e instrumental quir\u00fargico y para la realizaci\u00f3n de diversos ex\u00e1menes como ecograf\u00edas entre otros.<\/p>\n\n\n\n<figure class=\"wp-block-image size-large\"><img loading=\"lazy\" decoding=\"async\" width=\"1024\" height=\"485\" src=\"http:\/\/diariodigitalmx.com\/wp-content\/uploads\/2022\/02\/IMG-20220219-WA0010-1024x485.jpg\" alt=\"\" class=\"wp-image-71638\" srcset=\"https:\/\/diariodigitalmx.com\/wp-content\/uploads\/2022\/02\/IMG-20220219-WA0010-1024x485.jpg 1024w, https:\/\/diariodigitalmx.com\/wp-content\/uploads\/2022\/02\/IMG-20220219-WA0010-300x142.jpg 300w, https:\/\/diariodigitalmx.com\/wp-content\/uploads\/2022\/02\/IMG-20220219-WA0010-768x364.jpg 768w, https:\/\/diariodigitalmx.com\/wp-content\/uploads\/2022\/02\/IMG-20220219-WA0010.jpg 1280w\" sizes=\"(max-width: 1024px) 100vw, 1024px\" \/><\/figure>\n\n\n\n<p>\u201cHay un malestar generalizado entre los maestros y compa\u00f1eros porque se siente abandonados de sus actuales dirigentes, ya que no han defendido al trabajador de la educaci\u00f3n, ni han mejorado sus condiciones laborales, salariales y prestaciones sociales en los \u00faltimos a\u00f1os\u2019 agreg\u00f3.<\/p>\n\n\n\n<figure class=\"wp-block-image size-large\"><img loading=\"lazy\" decoding=\"async\" width=\"1024\" height=\"768\" src=\"http:\/\/diariodigitalmx.com\/wp-content\/uploads\/2022\/02\/IMG-20220219-WA0013-1024x768.jpg\" alt=\"\" class=\"wp-image-71636\" srcset=\"https:\/\/diariodigitalmx.com\/wp-content\/uploads\/2022\/02\/IMG-20220219-WA0013-1024x768.jpg 1024w, https:\/\/diariodigitalmx.com\/wp-content\/uploads\/2022\/02\/IMG-20220219-WA0013-300x225.jpg 300w, https:\/\/diariodigitalmx.com\/wp-content\/uploads\/2022\/02\/IMG-20220219-WA0013-768x576.jpg 768w, https:\/\/diariodigitalmx.com\/wp-content\/uploads\/2022\/02\/IMG-20220219-WA0013.jpg 1280w\" sizes=\"(max-width: 1024px) 100vw, 1024px\" \/><\/figure>\n\n\n\n<p>Chucho Ortiz se comprometi\u00f3 a qu\u00e9 de ganar el proceso electoral har\u00e1 un cambio total en la atenci\u00f3n que brindan las diversas \u00e1reas sindicales a los afiliados, para mejorar su calidad de vida.<\/p>\n","protected":false},"excerpt":{"rendered":"<p>Walter Elizondo Tras el ultim\u00e1tum de la Secretaria del Trabajo y Previsi\u00f3n Social del Gobierno Federal de que se realicen ya las elecciones de dirigente en la secci\u00f3n 50 del Sindicato Nacional de Trabajadores de la Educaci\u00f3n, Jes\u00fas Ort\u00edz Morales precandidato a la secretaria general prev\u00e9 que el proceso de realice en el mes de [&hellip;]<\/p>\n","protected":false},"author":1,"featured_media":71632,"comment_status":"open","ping_status":"open","sticky":true,"template":"","format":"standard","meta":{"footnotes":""},"categories":[6,5],"tags":[],"_links":{"self":[{"href":"https:\/\/diariodigitalmx.com\/index.php\/wp-json\/wp\/v2\/posts\/71630"}],"collection":[{"href":"https:\/\/diariodigitalmx.com\/index.php\/wp-json\/wp\/v2\/posts"}],"about":[{"href":"https:\/\/diariodigitalmx.com\/index.php\/wp-json\/wp\/v2\/types\/post"}],"author":[{"embeddable":true,"href":"https:\/\/diariodigitalmx.com\/index.php\/wp-json\/wp\/v2\/users\/1"}],"replies":[{"embeddable":true,"href":"https:\/\/diariodigitalmx.com\/index.php\/wp-json\/wp\/v2\/comments?post=71630"}],"version-history":[{"count":5,"href":"https:\/\/diariodigitalmx.com\/index.php\/wp-json\/wp\/v2\/posts\/71630\/revisions"}],"predecessor-version":[{"id":71640,"href":"https:\/\/diariodigitalmx.com\/index.php\/wp-json\/wp\/v2\/posts\/71630\/revisions\/71640"}],"wp:featuredmedia":[{"embeddable":true,"href":"https:\/\/diariodigitalmx.com\/index.php\/wp-json\/wp\/v2\/media\/71632"}],"wp:attachment":[{"href":"https:\/\/diariodigitalmx.com\/index.php\/wp-json\/wp\/v2\/media?parent=71630"}],"wp:term":[{"taxonomy":"category","embeddable":true,"href":"https:\/\/diariodigitalmx.com\/index.php\/wp-json\/wp\/v2\/categories?post=71630"},{"taxonomy":"post_tag","embeddable":true,"href":"https:\/\/diariodigitalmx.com\/index.php\/wp-json\/wp\/v2\/tags?post=71630"}],"curies":[{"name":"wp","href":"https:\/\/api.w.org\/{rel}","templated":true}]}}