{"id":71657,"date":"2022-02-20T19:01:00","date_gmt":"2022-02-21T01:01:00","guid":{"rendered":"http:\/\/diariodigitalmx.com\/?p=71657"},"modified":"2022-02-20T19:01:58","modified_gmt":"2022-02-21T01:01:58","slug":"no-hay-luna-de-miel-eterna","status":"publish","type":"post","link":"https:\/\/diariodigitalmx.com\/index.php\/2022\/02\/20\/no-hay-luna-de-miel-eterna\/","title":{"rendered":"No hay luna de miel eterna"},"content":{"rendered":"\n<p>Por Salvador Hern\u00e1ndez <strong><em>LANDEROS<\/em><\/strong><\/p>\n\n\n\n<p>S\u00f3lo en la inspiraci\u00f3n de los poetas y bohemios trasnochados, la luna miel es eterna. <strong><em>En la gente com\u00fan actual que anda toda \u201capandemiada\u201d, no cabe eso<\/em><\/strong>.<\/p>\n\n\n\n<p>La cruda realidad dicta llanamente que para \u201c<strong><em>el pan nuestro de cada d\u00eda<\/em><\/strong>\u201d hay que \u201c<strong><em>fregarse<\/em><\/strong>\u201d. Entrarle a la \u201c<strong><em>friega<\/em><\/strong>\u201d diaria, <strong><em>de sol a sol, si se quiere progresar<\/em><\/strong>.<\/p>\n\n\n\n<p>Esa realidad la deben entender los administradores del erario <strong><em>que en su mundo&nbsp;<\/em><\/strong><\/p>\n\n\n\n<p><strong><em>pol\u00edtico les da porque les llamen el se\u00f1or gobernador o, tambi\u00e9n, alcalde<\/em><\/strong>.<\/p>\n\n\n\n<p><strong><em>Ya es tiempo que dejen de andar ofreciendo proyectos que no van a cumplir. Que enfrenten la realidad. La luna de miel pol\u00edtica ya se acab\u00f3.<\/em><\/strong><\/p>\n\n\n\n<p><strong><em>Seguridad p\u00fablica no hay<\/em><\/strong>. Delitos patrimoniales a diario y la responsabilidad no s\u00f3lo es del Estado. <strong><em>Tambi\u00e9n les corresponde atenderla a los 51 municipios.<\/em><\/strong><\/p>\n\n\n\n<p><strong><em>Samuel Garc\u00eda debe dar descanso a los ni\u00f1os y no explotar m\u00e1s su imagen. Que los padres de familia hagan lo suyo en la educaci\u00f3n y la salud<\/em><\/strong>.<\/p>\n\n\n\n<p>Luis Donaldo, Cristina, C\u00e9sar. Miguel Trevi\u00f1o, Daniel Carrillo, Andr\u00e9s Mijes, <strong><em>alcaldes de los principales municipios metropolitanos deben ponerse las pilas<\/em><\/strong>.<\/p>\n\n\n\n<p><strong><em>El problema del agua no s\u00f3lo compete al Estado. La falta del vital l\u00edquido ser\u00e1 pareja de no tener apoyo de la naturaleza y nos proporcione lluvia abundante<\/em><\/strong>.<\/p>\n\n\n\n<p><strong><em>Los ciudadanos tambi\u00e9n tenemos<\/em><\/strong> <strong><em>la responsabilidad de cuidar el agua<\/em><\/strong>. Ni una gota desperdiciar. Y ante el Covid, <strong><em>cooperar para no afectar la salud de otros<\/em><\/strong>.<\/p>\n\n\n\n<p>Y al Congreso del Estado, <strong><em>donde se refugia cada lacra que Dios guarde la hora<\/em><\/strong>, exigirle <strong><em>que los diputados desquiten carros y sueldo que se les paga<\/em><\/strong>.<\/p>\n\n\n\n<p><a href=\"mailto:chavalolanderos@yahoo.com.mx\">chavalolanderos@yahoo.com.mx<\/a><\/p>\n","protected":false},"excerpt":{"rendered":"<p>Por Salvador Hern\u00e1ndez LANDEROS S\u00f3lo en la inspiraci\u00f3n de los poetas y bohemios trasnochados, la luna miel es eterna. En la gente com\u00fan actual que anda toda \u201capandemiada\u201d, no cabe eso. La cruda realidad dicta llanamente que para \u201cel pan nuestro de cada d\u00eda\u201d hay que \u201cfregarse\u201d. Entrarle a la \u201cfriega\u201d diaria, de sol a [&hellip;]<\/p>\n","protected":false},"author":1,"featured_media":71659,"comment_status":"open","ping_status":"open","sticky":true,"template":"","format":"standard","meta":{"footnotes":""},"categories":[12,5],"tags":[],"_links":{"self":[{"href":"https:\/\/diariodigitalmx.com\/index.php\/wp-json\/wp\/v2\/posts\/71657"}],"collection":[{"href":"https:\/\/diariodigitalmx.com\/index.php\/wp-json\/wp\/v2\/posts"}],"about":[{"href":"https:\/\/diariodigitalmx.com\/index.php\/wp-json\/wp\/v2\/types\/post"}],"author":[{"embeddable":true,"href":"https:\/\/diariodigitalmx.com\/index.php\/wp-json\/wp\/v2\/users\/1"}],"replies":[{"embeddable":true,"href":"https:\/\/diariodigitalmx.com\/index.php\/wp-json\/wp\/v2\/comments?post=71657"}],"version-history":[{"count":1,"href":"https:\/\/diariodigitalmx.com\/index.php\/wp-json\/wp\/v2\/posts\/71657\/revisions"}],"predecessor-version":[{"id":71658,"href":"https:\/\/diariodigitalmx.com\/index.php\/wp-json\/wp\/v2\/posts\/71657\/revisions\/71658"}],"wp:featuredmedia":[{"embeddable":true,"href":"https:\/\/diariodigitalmx.com\/index.php\/wp-json\/wp\/v2\/media\/71659"}],"wp:attachment":[{"href":"https:\/\/diariodigitalmx.com\/index.php\/wp-json\/wp\/v2\/media?parent=71657"}],"wp:term":[{"taxonomy":"category","embeddable":true,"href":"https:\/\/diariodigitalmx.com\/index.php\/wp-json\/wp\/v2\/categories?post=71657"},{"taxonomy":"post_tag","embeddable":true,"href":"https:\/\/diariodigitalmx.com\/index.php\/wp-json\/wp\/v2\/tags?post=71657"}],"curies":[{"name":"wp","href":"https:\/\/api.w.org\/{rel}","templated":true}]}}