{"id":7166,"date":"2019-07-03T08:52:22","date_gmt":"2019-07-03T13:52:22","guid":{"rendered":"http:\/\/diariodigitalmx.com\/?p=7166"},"modified":"2019-07-03T08:52:23","modified_gmt":"2019-07-03T13:52:23","slug":"inconformes-por-su-traslado-a-guardia-nacional-protestan-policias-federales","status":"publish","type":"post","link":"https:\/\/diariodigitalmx.com\/index.php\/2019\/07\/03\/inconformes-por-su-traslado-a-guardia-nacional-protestan-policias-federales\/","title":{"rendered":"Inconformes por su traslado a Guardia Nacional, protestan polic\u00edas federales"},"content":{"rendered":"\n<p>Elementos de la Polic\u00eda Federal protestan en las instalaciones del Centro de Mando en Iztapalapa, en rechazo a la incorporaci\u00f3n de la Guardia Nacional y el cambio radical en las condiciones laborales que han implicado un recorte en los bonos de productividad y sobre todo para los efectivos de las fuerzas de operaciones especiales.<\/p>\n\n\n\n<p>Al respecto, el presidente L\u00f3pez Obrador, dijo que el cambio de corporaci\u00f3n no es obligatorio y tampoco habr\u00e1 despidos.<\/p>\n","protected":false},"excerpt":{"rendered":"<p>Elementos de la Polic\u00eda Federal protestan en las instalaciones del Centro de Mando en Iztapalapa, en rechazo a la incorporaci\u00f3n de la Guardia Nacional y el cambio radical en las condiciones laborales que han implicado un recorte en los bonos de productividad y sobre todo para los efectivos de las fuerzas de operaciones especiales. Al [&hellip;]<\/p>\n","protected":false},"author":1,"featured_media":7168,"comment_status":"open","ping_status":"open","sticky":true,"template":"","format":"standard","meta":{"footnotes":""},"categories":[2],"tags":[],"_links":{"self":[{"href":"https:\/\/diariodigitalmx.com\/index.php\/wp-json\/wp\/v2\/posts\/7166"}],"collection":[{"href":"https:\/\/diariodigitalmx.com\/index.php\/wp-json\/wp\/v2\/posts"}],"about":[{"href":"https:\/\/diariodigitalmx.com\/index.php\/wp-json\/wp\/v2\/types\/post"}],"author":[{"embeddable":true,"href":"https:\/\/diariodigitalmx.com\/index.php\/wp-json\/wp\/v2\/users\/1"}],"replies":[{"embeddable":true,"href":"https:\/\/diariodigitalmx.com\/index.php\/wp-json\/wp\/v2\/comments?post=7166"}],"version-history":[{"count":1,"href":"https:\/\/diariodigitalmx.com\/index.php\/wp-json\/wp\/v2\/posts\/7166\/revisions"}],"predecessor-version":[{"id":7167,"href":"https:\/\/diariodigitalmx.com\/index.php\/wp-json\/wp\/v2\/posts\/7166\/revisions\/7167"}],"wp:featuredmedia":[{"embeddable":true,"href":"https:\/\/diariodigitalmx.com\/index.php\/wp-json\/wp\/v2\/media\/7168"}],"wp:attachment":[{"href":"https:\/\/diariodigitalmx.com\/index.php\/wp-json\/wp\/v2\/media?parent=7166"}],"wp:term":[{"taxonomy":"category","embeddable":true,"href":"https:\/\/diariodigitalmx.com\/index.php\/wp-json\/wp\/v2\/categories?post=7166"},{"taxonomy":"post_tag","embeddable":true,"href":"https:\/\/diariodigitalmx.com\/index.php\/wp-json\/wp\/v2\/tags?post=7166"}],"curies":[{"name":"wp","href":"https:\/\/api.w.org\/{rel}","templated":true}]}}