{"id":71663,"date":"2022-02-20T21:53:47","date_gmt":"2022-02-21T03:53:47","guid":{"rendered":"http:\/\/diariodigitalmx.com\/?p=71663"},"modified":"2022-02-20T21:55:17","modified_gmt":"2022-02-21T03:55:17","slug":"exigen-justicia-y-aclarar-muerte-del-menor-en-dif","status":"publish","type":"post","link":"https:\/\/diariodigitalmx.com\/index.php\/2022\/02\/20\/exigen-justicia-y-aclarar-muerte-del-menor-en-dif\/","title":{"rendered":"Exigen justicia y aclarar muerte del menor en DIF"},"content":{"rendered":"\n<p>Monterrey &#8211; Activistas y ciudadanos llegaron hasta las puertas del DIF Fabriles y exigieron justicia por la muerte del adolescente \u00c1ngel Manuel Moreno, de 14 a\u00f1os de edad que el Gobierno del Estado escondi\u00f3 varios d\u00edas.&nbsp;<\/p>\n\n\n\n<p>Entre las personas se encontr\u00f3 el sacerdote Jos\u00e9 Manuel Guerrero Noyola, quien se uni\u00f3 a las demandas de justicia y esclarecimiento de los hechos.&nbsp;<\/p>\n\n\n\n<p>Tras de que el Estado revel\u00f3 que muri\u00f3 el pasado 9 de febrero, los activistas exigieron al gobernador Samuel Garc\u00eda y a su esposa Mariana Rodr\u00edguez, funcionaria del gobierno como titular de la Oficina Amar a Nuevo Le\u00f3n, que den la cara y ofrezcan una explicaci\u00f3n.<\/p>\n\n\n\n<figure class=\"wp-block-image size-large\"><img loading=\"lazy\" decoding=\"async\" width=\"1024\" height=\"788\" src=\"http:\/\/diariodigitalmx.com\/wp-content\/uploads\/2022\/02\/Screenshot_20220220_211602_com.facebook.katana2-1024x788.jpg\" alt=\"\" class=\"wp-image-71666\" srcset=\"https:\/\/diariodigitalmx.com\/wp-content\/uploads\/2022\/02\/Screenshot_20220220_211602_com.facebook.katana2-1024x788.jpg 1024w, https:\/\/diariodigitalmx.com\/wp-content\/uploads\/2022\/02\/Screenshot_20220220_211602_com.facebook.katana2-300x231.jpg 300w, https:\/\/diariodigitalmx.com\/wp-content\/uploads\/2022\/02\/Screenshot_20220220_211602_com.facebook.katana2-768x591.jpg 768w, https:\/\/diariodigitalmx.com\/wp-content\/uploads\/2022\/02\/Screenshot_20220220_211602_com.facebook.katana2.jpg 1073w\" sizes=\"(max-width: 1024px) 100vw, 1024px\" \/><\/figure>\n\n\n\n<p>\u201cMariana Rodr\u00edguez nos tiene que dar una explicaci\u00f3n, se llev\u00f3 a un ni\u00f1o a tomarse la foto, como si esto fuera para divertirse un ratito y tener likes, pero no tuvo tiempo para investigar c\u00f3mo se le est\u00e1 tratando a los ni\u00f1os de la instituci\u00f3n que ella preside\u201d, explic\u00f3 Maria Teresa Cervantes.<\/p>\n\n\n\n<p>&#8220;\u00bfDesde cu\u00e1ndo en una instituci\u00f3n se golpea a un menor?, \u00bfdesde cu\u00e1ndo en una instituci\u00f3n, que es para proteger los derechos de los menores, nos encontramos con un menor asesinado? Esto es muy sospechoso, porque, \u00bfqui\u00e9n dio la autorizaci\u00f3n para que el cuerpo de un menor fallecido haya sido cremado?&#8221;, se\u00f1al\u00f3 a su vez la abogada\u00a0 Mar\u00eda Jacinta Contreras.<\/p>\n\n\n\n<figure class=\"wp-block-image size-large\"><img loading=\"lazy\" decoding=\"async\" width=\"1024\" height=\"648\" src=\"http:\/\/diariodigitalmx.com\/wp-content\/uploads\/2022\/02\/Screenshot_20220220_211649_com.facebook.katana2-1024x648.jpg\" alt=\"\" class=\"wp-image-71668\" srcset=\"https:\/\/diariodigitalmx.com\/wp-content\/uploads\/2022\/02\/Screenshot_20220220_211649_com.facebook.katana2-1024x648.jpg 1024w, https:\/\/diariodigitalmx.com\/wp-content\/uploads\/2022\/02\/Screenshot_20220220_211649_com.facebook.katana2-300x190.jpg 300w, https:\/\/diariodigitalmx.com\/wp-content\/uploads\/2022\/02\/Screenshot_20220220_211649_com.facebook.katana2-768x486.jpg 768w, https:\/\/diariodigitalmx.com\/wp-content\/uploads\/2022\/02\/Screenshot_20220220_211649_com.facebook.katana2.jpg 1062w\" sizes=\"(max-width: 1024px) 100vw, 1024px\" \/><\/figure>\n\n\n\n<p>Lilia Perales, otra de las activistas, critic\u00f3 que la pareja gobernante siempre suba a sus redes sociales todo lo que hace, y ahora no inform\u00f3 sobre la muerte de adolescente.&nbsp;<\/p>\n\n\n\n<p>&#8220;C\u00f3mo es posible que la se\u00f1ora Mariana se la pasa pregonando que anda en el DIF y que haya pasado eso, y hasta el noveno d\u00eda que ocurri\u00f3 el fallecimiento de este joven nos enteremos, o sea, c\u00f3mo es posible de ellos que son un par de faranduleros&#8221;, dijo Perales.&nbsp;<\/p>\n\n\n\n<p>El adolescente presuntamente por un choque s\u00e9ptico de abdomen tras presentar problemas estomacales.&nbsp;<\/p>\n","protected":false},"excerpt":{"rendered":"<p>Monterrey &#8211; Activistas y ciudadanos llegaron hasta las puertas del DIF Fabriles y exigieron justicia por la muerte del adolescente \u00c1ngel Manuel Moreno, de 14 a\u00f1os de edad que el Gobierno del Estado escondi\u00f3 varios d\u00edas.&nbsp; Entre las personas se encontr\u00f3 el sacerdote Jos\u00e9 Manuel Guerrero Noyola, quien se uni\u00f3 a las demandas de justicia [&hellip;]<\/p>\n","protected":false},"author":1,"featured_media":71665,"comment_status":"open","ping_status":"open","sticky":true,"template":"","format":"standard","meta":{"footnotes":""},"categories":[6,3],"tags":[],"_links":{"self":[{"href":"https:\/\/diariodigitalmx.com\/index.php\/wp-json\/wp\/v2\/posts\/71663"}],"collection":[{"href":"https:\/\/diariodigitalmx.com\/index.php\/wp-json\/wp\/v2\/posts"}],"about":[{"href":"https:\/\/diariodigitalmx.com\/index.php\/wp-json\/wp\/v2\/types\/post"}],"author":[{"embeddable":true,"href":"https:\/\/diariodigitalmx.com\/index.php\/wp-json\/wp\/v2\/users\/1"}],"replies":[{"embeddable":true,"href":"https:\/\/diariodigitalmx.com\/index.php\/wp-json\/wp\/v2\/comments?post=71663"}],"version-history":[{"count":3,"href":"https:\/\/diariodigitalmx.com\/index.php\/wp-json\/wp\/v2\/posts\/71663\/revisions"}],"predecessor-version":[{"id":71669,"href":"https:\/\/diariodigitalmx.com\/index.php\/wp-json\/wp\/v2\/posts\/71663\/revisions\/71669"}],"wp:featuredmedia":[{"embeddable":true,"href":"https:\/\/diariodigitalmx.com\/index.php\/wp-json\/wp\/v2\/media\/71665"}],"wp:attachment":[{"href":"https:\/\/diariodigitalmx.com\/index.php\/wp-json\/wp\/v2\/media?parent=71663"}],"wp:term":[{"taxonomy":"category","embeddable":true,"href":"https:\/\/diariodigitalmx.com\/index.php\/wp-json\/wp\/v2\/categories?post=71663"},{"taxonomy":"post_tag","embeddable":true,"href":"https:\/\/diariodigitalmx.com\/index.php\/wp-json\/wp\/v2\/tags?post=71663"}],"curies":[{"name":"wp","href":"https:\/\/api.w.org\/{rel}","templated":true}]}}