{"id":7169,"date":"2019-07-03T10:35:54","date_gmt":"2019-07-03T15:35:54","guid":{"rendered":"http:\/\/diariodigitalmx.com\/?p=7169"},"modified":"2019-07-03T10:35:59","modified_gmt":"2019-07-03T15:35:59","slug":"la-policia-federal-estaba-echada-a-perder-dice-el-presidente-lopez-obrador","status":"publish","type":"post","link":"https:\/\/diariodigitalmx.com\/index.php\/2019\/07\/03\/la-policia-federal-estaba-echada-a-perder-dice-el-presidente-lopez-obrador\/","title":{"rendered":"La Polic\u00eda Federal estaba echada a perder, dice el presidente L\u00f3pez Obrador"},"content":{"rendered":"\n<p>El presidente Andr\u00e9s Manuel L\u00f3pez Obrador afirm\u00f3 que la Polic\u00eda Federal (PF) &#8220;estaba echada a perder&#8221; y por eso las resistencias a su transformaci\u00f3n, aunque neg\u00f3 que vaya a haber despidos o que sus elementos vayan a ser transferidos por la fuerza a la Guardia Nacional (GN).<\/p>\n\n\n\n<p>&#8220;A la Polic\u00eda Federal decirle que no se va a despedir a nadie, van a tener sus mismos sueldos, sus mismas prestaciones, no se va a obligar a nadie a que pase a otra corporaci\u00f3n&#8221;, asegur\u00f3 en su conferencia de prensa matutina, luego que esta ma\u00f1ana un grupo de polic\u00edas federales se manifest\u00f3 en Iztapalapa.<\/p>\n\n\n\n<p>&#8220;Entiendo que hay tambi\u00e9n resistencias porque es un cambio, lo cierto es que estaba echada a perder esa corporaci\u00f3n (&#8230;), estaban malacostumbrados algunos y por eso la protesta, pero no se estaban portando bien, sobretodo los de arriba&#8221;, asegur\u00f3 el primer mandatario<\/p>\n","protected":false},"excerpt":{"rendered":"<p>El presidente Andr\u00e9s Manuel L\u00f3pez Obrador afirm\u00f3 que la Polic\u00eda Federal (PF) &#8220;estaba echada a perder&#8221; y por eso las resistencias a su transformaci\u00f3n, aunque neg\u00f3 que vaya a haber despidos o que sus elementos vayan a ser transferidos por la fuerza a la Guardia Nacional (GN). &#8220;A la Polic\u00eda Federal decirle que no se [&hellip;]<\/p>\n","protected":false},"author":1,"featured_media":7172,"comment_status":"open","ping_status":"open","sticky":true,"template":"","format":"standard","meta":{"footnotes":""},"categories":[2],"tags":[],"_links":{"self":[{"href":"https:\/\/diariodigitalmx.com\/index.php\/wp-json\/wp\/v2\/posts\/7169"}],"collection":[{"href":"https:\/\/diariodigitalmx.com\/index.php\/wp-json\/wp\/v2\/posts"}],"about":[{"href":"https:\/\/diariodigitalmx.com\/index.php\/wp-json\/wp\/v2\/types\/post"}],"author":[{"embeddable":true,"href":"https:\/\/diariodigitalmx.com\/index.php\/wp-json\/wp\/v2\/users\/1"}],"replies":[{"embeddable":true,"href":"https:\/\/diariodigitalmx.com\/index.php\/wp-json\/wp\/v2\/comments?post=7169"}],"version-history":[{"count":2,"href":"https:\/\/diariodigitalmx.com\/index.php\/wp-json\/wp\/v2\/posts\/7169\/revisions"}],"predecessor-version":[{"id":7171,"href":"https:\/\/diariodigitalmx.com\/index.php\/wp-json\/wp\/v2\/posts\/7169\/revisions\/7171"}],"wp:featuredmedia":[{"embeddable":true,"href":"https:\/\/diariodigitalmx.com\/index.php\/wp-json\/wp\/v2\/media\/7172"}],"wp:attachment":[{"href":"https:\/\/diariodigitalmx.com\/index.php\/wp-json\/wp\/v2\/media?parent=7169"}],"wp:term":[{"taxonomy":"category","embeddable":true,"href":"https:\/\/diariodigitalmx.com\/index.php\/wp-json\/wp\/v2\/categories?post=7169"},{"taxonomy":"post_tag","embeddable":true,"href":"https:\/\/diariodigitalmx.com\/index.php\/wp-json\/wp\/v2\/tags?post=7169"}],"curies":[{"name":"wp","href":"https:\/\/api.w.org\/{rel}","templated":true}]}}