{"id":71705,"date":"2022-02-21T12:48:51","date_gmt":"2022-02-21T18:48:51","guid":{"rendered":"http:\/\/diariodigitalmx.com\/?p=71705"},"modified":"2022-02-21T12:50:27","modified_gmt":"2022-02-21T18:50:27","slug":"sindicato-de-trabajadores-municipales-de-allende-afecta-atencion-y-prestacion-de-servicios","status":"publish","type":"post","link":"https:\/\/diariodigitalmx.com\/index.php\/2022\/02\/21\/sindicato-de-trabajadores-municipales-de-allende-afecta-atencion-y-prestacion-de-servicios\/","title":{"rendered":"Sindicato de trabajadores municipales de Allende afecta atenci\u00f3n y prestaci\u00f3n de servicios"},"content":{"rendered":"\n<p><\/p>\n\n\n\n<p>Con movilizaciones de trabajadores sindicales y paros parciales a las actividades laborales bajo el argumento de incumplimiento de clausulas del contrato colectivo de trabajo, Jes\u00fas Tamez, secretario general del sindicato de trabajadores del municipio de Allende, ha trastocado la atenci\u00f3n y prestaci\u00f3n de servicios p\u00fablicos a la ciudadan\u00eda allendense.<\/p>\n\n\n\n<p>El ex candidato a la alcald\u00eda postulado por el partido Verde Ecologista de M\u00e9xico, como dirigente del sindicato de trabajadores municipales, busca obligar a la administraci\u00f3n de la alcaldesa Patricia Salazar Marroqu\u00edn, a pagarles prestaciones econ\u00f3micas superiores a las previstas en el contrato colectivo de trabajo firmado con la administraci\u00f3n p\u00fablica municipal.<\/p>\n\n\n\n<p>El pasado jueves, un grupo de trabajadores suspendi\u00f3 labores por un par de horas y permaneci\u00f3, a manera de protesta, en las afueras del palacio municipal de Allende, lo cual afect\u00f3 la prestaci\u00f3n de servicios y la atenci\u00f3n a los ciudadanos que acudieron a llevar a cabo tr\u00e1mites, hacer pago de servicios y derechos, o recibir alguna atenci\u00f3n de gestoras sociales que realiza el gobierno municipal.<\/p>\n\n\n\n<figure class=\"wp-block-image size-large\"><img loading=\"lazy\" decoding=\"async\" width=\"1024\" height=\"484\" src=\"http:\/\/diariodigitalmx.com\/wp-content\/uploads\/2022\/02\/IMG-20220221-WA0013-1024x484.jpg\" alt=\"\" class=\"wp-image-71708\" srcset=\"https:\/\/diariodigitalmx.com\/wp-content\/uploads\/2022\/02\/IMG-20220221-WA0013-1024x484.jpg 1024w, https:\/\/diariodigitalmx.com\/wp-content\/uploads\/2022\/02\/IMG-20220221-WA0013-300x142.jpg 300w, https:\/\/diariodigitalmx.com\/wp-content\/uploads\/2022\/02\/IMG-20220221-WA0013-768x363.jpg 768w, https:\/\/diariodigitalmx.com\/wp-content\/uploads\/2022\/02\/IMG-20220221-WA0013.jpg 1280w\" sizes=\"(max-width: 1024px) 100vw, 1024px\" \/><\/figure>\n\n\n\n<p>Anteriormente ya se hab\u00eda efectuado en pasadas administraciones municipales similares acontecimientos, bajo el argumento de la revisi\u00f3n del contrato colectivo de trabajo y el ajuste de las prestaciones econ\u00f3micas que cada a\u00f1o debe de recibir el personal que presta sus servicios en todas las \u00e1reas del gobierno municipal.<\/p>\n\n\n\n<p>El dirigente gremial solicit\u00f3 a sus agremiados suspender labores administrativas y operativas durante la presidencia municipal del entonces alcalde panista Adri\u00e1n Cavazos Parra en el per\u00edodo 2000-2003, adem\u00e1s de presentar diversos procedimientos ante la junta laboral en contra de la administraci\u00f3n del tambi\u00e9n albiazul, Silverio Manuel Flores Leal 2015-2018.<\/p>\n\n\n\n<figure class=\"wp-block-image size-large\"><img loading=\"lazy\" decoding=\"async\" width=\"1024\" height=\"484\" src=\"http:\/\/diariodigitalmx.com\/wp-content\/uploads\/2022\/02\/IMG-20220221-WA0012-1024x484.jpg\" alt=\"\" class=\"wp-image-71710\" srcset=\"https:\/\/diariodigitalmx.com\/wp-content\/uploads\/2022\/02\/IMG-20220221-WA0012-1024x484.jpg 1024w, https:\/\/diariodigitalmx.com\/wp-content\/uploads\/2022\/02\/IMG-20220221-WA0012-300x142.jpg 300w, https:\/\/diariodigitalmx.com\/wp-content\/uploads\/2022\/02\/IMG-20220221-WA0012-768x363.jpg 768w, https:\/\/diariodigitalmx.com\/wp-content\/uploads\/2022\/02\/IMG-20220221-WA0012.jpg 1280w\" sizes=\"(max-width: 1024px) 100vw, 1024px\" \/><\/figure>\n\n\n\n<p>Tambi\u00e9n ha ocurrido en administraciones priistas, partido en el cual milit\u00f3 para despu\u00e9s afiliarse al Partido Verde Ecologista de M\u00e9xico y contender tambi\u00e9n por la alcald\u00eda en la cual no obtuvo la victoria electoral.<\/p>\n\n\n\n<p>La hermana del dirigente, trabajadora jubilada que lleg\u00f3 a ocupar la secretaria de Trabajo y Conflictos de la organizaci\u00f3n sindical, contendi\u00f3 tambi\u00e9n por la presidencia municipal de Allende en el pasado proceso electoral 2021 por la coalici\u00f3n Juntos Haremos Historia en Nuevo Le\u00f3n siendo postulada por el Partido Verde Ecologista de M\u00e9xico, y teniendo como oponente en la contienda electoral a la hoy reelecta presidenta municipal, Patricia Salazar Marroqu\u00edn, quien represent\u00f3 a alianza Va Fuerte por Nuevo Le\u00f3n encabezada por los partidos PRI y PRD.<\/p>\n","protected":false},"excerpt":{"rendered":"<p>Con movilizaciones de trabajadores sindicales y paros parciales a las actividades laborales bajo el argumento de incumplimiento de clausulas del contrato colectivo de trabajo, Jes\u00fas Tamez, secretario general del sindicato de trabajadores del municipio de Allende, ha trastocado la atenci\u00f3n y prestaci\u00f3n de servicios p\u00fablicos a la ciudadan\u00eda allendense. El ex candidato a la alcald\u00eda [&hellip;]<\/p>\n","protected":false},"author":1,"featured_media":71707,"comment_status":"open","ping_status":"open","sticky":true,"template":"","format":"standard","meta":{"footnotes":""},"categories":[14,6],"tags":[],"_links":{"self":[{"href":"https:\/\/diariodigitalmx.com\/index.php\/wp-json\/wp\/v2\/posts\/71705"}],"collection":[{"href":"https:\/\/diariodigitalmx.com\/index.php\/wp-json\/wp\/v2\/posts"}],"about":[{"href":"https:\/\/diariodigitalmx.com\/index.php\/wp-json\/wp\/v2\/types\/post"}],"author":[{"embeddable":true,"href":"https:\/\/diariodigitalmx.com\/index.php\/wp-json\/wp\/v2\/users\/1"}],"replies":[{"embeddable":true,"href":"https:\/\/diariodigitalmx.com\/index.php\/wp-json\/wp\/v2\/comments?post=71705"}],"version-history":[{"count":3,"href":"https:\/\/diariodigitalmx.com\/index.php\/wp-json\/wp\/v2\/posts\/71705\/revisions"}],"predecessor-version":[{"id":71711,"href":"https:\/\/diariodigitalmx.com\/index.php\/wp-json\/wp\/v2\/posts\/71705\/revisions\/71711"}],"wp:featuredmedia":[{"embeddable":true,"href":"https:\/\/diariodigitalmx.com\/index.php\/wp-json\/wp\/v2\/media\/71707"}],"wp:attachment":[{"href":"https:\/\/diariodigitalmx.com\/index.php\/wp-json\/wp\/v2\/media?parent=71705"}],"wp:term":[{"taxonomy":"category","embeddable":true,"href":"https:\/\/diariodigitalmx.com\/index.php\/wp-json\/wp\/v2\/categories?post=71705"},{"taxonomy":"post_tag","embeddable":true,"href":"https:\/\/diariodigitalmx.com\/index.php\/wp-json\/wp\/v2\/tags?post=71705"}],"curies":[{"name":"wp","href":"https:\/\/api.w.org\/{rel}","templated":true}]}}