{"id":71715,"date":"2022-02-22T00:44:10","date_gmt":"2022-02-22T06:44:10","guid":{"rendered":"http:\/\/diariodigitalmx.com\/?p=71715"},"modified":"2022-02-22T00:45:09","modified_gmt":"2022-02-22T06:45:09","slug":"que-en-paz-descanse-angel-manuel-moreno","status":"publish","type":"post","link":"https:\/\/diariodigitalmx.com\/index.php\/2022\/02\/22\/que-en-paz-descanse-angel-manuel-moreno\/","title":{"rendered":"Que en paz descanse \u00c1ngel Manuel Moreno"},"content":{"rendered":"\n<p>Luz Maria Ortiz Quintos<\/p>\n\n\n\n<p>El mi\u00e9rcoles 9 de febrero muri\u00f3 el ni\u00f1o \u00c1ngel Manuel Moreno, de 14 a\u00f1os, en las instalaciones del DIF Fabriles, y se llevo a cabo de manera inmediata la cremaci\u00f3n de su cuerpo.<\/p>\n\n\n\n<p>Los hechos fueron de conocimiento p\u00fablico hasta el 16 de febrero, a trav\u00e9s del periodista V\u00edctor Badillo, quien inform\u00f3 de presuntas irregularidades en torno a la muerte del ni\u00f1o en el citado albergue del DIF estatal. Como contexto, mencion\u00f3 el traslado del ni\u00f1o al DIF Fabriles por su participaci\u00f3n en la toma de una secci\u00f3n de DIF Capullos la tarde del domingo 28 de noviembre de 2021, reclamando malos tratos.<\/p>\n\n\n\n<p>En su momento, la Comisi\u00f3n Estatal de Derechos Humanos de Nuevo Le\u00f3n estableci\u00f3 medidas precautorias sobre estos hechos.<br>El DIF Fabriles se destina a la atenci\u00f3n de ni\u00f1ez migrante, y que por malos tratos, en agosto del a\u00f1o pasado escaparon siete adolescentes del lugar. De acuerdo con lo observado por la propia Comisi\u00f3n Estatal de Derechos Humanos, este albergue tiene capacidad instalada para 60 ni\u00f1os ni\u00f1as y en la fecha de los hechos estaba sobrepoblado pues atend\u00eda a m\u00e1s de 200.<\/p>\n\n\n\n<p>El 17 de febrero el periodista V\u00edctor Badillo ampli\u00f3 la denuncia con fuentes an\u00f3nimas, quienes aseguraron ser testigos del presunto homicidio del ni\u00f1o \u00c1ngel Manuel como consecuencia de golpes recibidos por un funcionario estatal y el posible manejo inadecuado de medicamentos.<\/p>\n\n\n\n<p>El traslado irregular del ni\u00f1o y su muerte en el albergue Fabriles dedicado a ni\u00f1ez migrante, adem\u00e1s del incumplimiento de las medidas precautorias de la Comisi\u00f3n de Derechos Humanos emitidas el 1 de diciembre de 2021 que establecen: &#8220;Que se designe personal para la vigilancia y monitoreo permanente de los menores de edad [\u2026] a fin de evitar cualquier acto en contra de la integridad f\u00edsica y seguridad personal de las ni\u00f1as, ni\u00f1os y adolescentes que se encuentren en resguardo, protegiendo efectivamente sus derechos humanos, a fin de que no les sean transgredidos&#8221;.<\/p>\n\n\n\n<p>Me sumo a las miles de voces que en Nuevo Le\u00f3n pedimos #JusticiaPara\u00c1ngel, su muerte no deber\u00e1 quedar impune, se debe dar con los responsables y deben pagar por este abuso, que se convirti\u00f3 en asesinato.<\/p>\n\n\n\n<p>\u00bfQu\u00e9 clase de personas somos, que nos conmueve la muerte de una mascota, pero no nos indignamos por el asesinato de un ni\u00f1o?<\/p>\n\n\n\n<p>\u00c1ngel est\u00e1 en un lugar mejor, pero ahora nos debemos de asegurar que se trate con respeto y dignidad a los cientos de ni\u00f1os y ni\u00f1as que est\u00e1n en las mismas condiciones de \u00c1ngel.<\/p>\n","protected":false},"excerpt":{"rendered":"<p>Luz Maria Ortiz Quintos El mi\u00e9rcoles 9 de febrero muri\u00f3 el ni\u00f1o \u00c1ngel Manuel Moreno, de 14 a\u00f1os, en las instalaciones del DIF Fabriles, y se llevo a cabo de manera inmediata la cremaci\u00f3n de su cuerpo. Los hechos fueron de conocimiento p\u00fablico hasta el 16 de febrero, a trav\u00e9s del periodista V\u00edctor Badillo, quien [&hellip;]<\/p>\n","protected":false},"author":1,"featured_media":71371,"comment_status":"open","ping_status":"open","sticky":true,"template":"","format":"standard","meta":{"footnotes":""},"categories":[12,5],"tags":[],"_links":{"self":[{"href":"https:\/\/diariodigitalmx.com\/index.php\/wp-json\/wp\/v2\/posts\/71715"}],"collection":[{"href":"https:\/\/diariodigitalmx.com\/index.php\/wp-json\/wp\/v2\/posts"}],"about":[{"href":"https:\/\/diariodigitalmx.com\/index.php\/wp-json\/wp\/v2\/types\/post"}],"author":[{"embeddable":true,"href":"https:\/\/diariodigitalmx.com\/index.php\/wp-json\/wp\/v2\/users\/1"}],"replies":[{"embeddable":true,"href":"https:\/\/diariodigitalmx.com\/index.php\/wp-json\/wp\/v2\/comments?post=71715"}],"version-history":[{"count":1,"href":"https:\/\/diariodigitalmx.com\/index.php\/wp-json\/wp\/v2\/posts\/71715\/revisions"}],"predecessor-version":[{"id":71716,"href":"https:\/\/diariodigitalmx.com\/index.php\/wp-json\/wp\/v2\/posts\/71715\/revisions\/71716"}],"wp:featuredmedia":[{"embeddable":true,"href":"https:\/\/diariodigitalmx.com\/index.php\/wp-json\/wp\/v2\/media\/71371"}],"wp:attachment":[{"href":"https:\/\/diariodigitalmx.com\/index.php\/wp-json\/wp\/v2\/media?parent=71715"}],"wp:term":[{"taxonomy":"category","embeddable":true,"href":"https:\/\/diariodigitalmx.com\/index.php\/wp-json\/wp\/v2\/categories?post=71715"},{"taxonomy":"post_tag","embeddable":true,"href":"https:\/\/diariodigitalmx.com\/index.php\/wp-json\/wp\/v2\/tags?post=71715"}],"curies":[{"name":"wp","href":"https:\/\/api.w.org\/{rel}","templated":true}]}}