{"id":7173,"date":"2019-07-03T10:38:59","date_gmt":"2019-07-03T15:38:59","guid":{"rendered":"http:\/\/diariodigitalmx.com\/?p=7173"},"modified":"2019-07-03T10:39:00","modified_gmt":"2019-07-03T15:39:00","slug":"anuncian-dialogo-entre-ex-trabajadores-y-canal-once","status":"publish","type":"post","link":"https:\/\/diariodigitalmx.com\/index.php\/2019\/07\/03\/anuncian-dialogo-entre-ex-trabajadores-y-canal-once\/","title":{"rendered":"Anuncian di\u00e1logo entre ex trabajadores y Canal Once"},"content":{"rendered":"\n<p>El presidente del Sistema P\u00fablico de Radiodifusi\u00f3n del Estado Mexicano (SPR), Jenaro Villamil, inform\u00f3 que el pr\u00f3ximo fin de semana habr\u00e1 una negociaci\u00f3n directa con el director de Canal Once, Jos\u00e9 Antonio Cruz \u00c1lvarez Lima, y extrabajadores de ese medio de comunicaci\u00f3n.<\/p>\n\n\n\n<p>En su cuenta @jenarovillamil de Twitter, el funcionario federal asegur\u00f3 que \u201cexiste la mejor disposici\u00f3n de dialogar y actuar conforme a Derecho\u201d para resolver el conflicto entre ese medio y las personas que no se les renov\u00f3 el contrato el contrato laboral y que denuncian despido masivo.<\/p>\n\n\n\n<p>En la conferencia de prensa matutina, el presidente Andr\u00e9s Manuel L\u00f3pez Obrador expres\u00f3 toda su confianza al director de Canal Once, \u201cporque es un profesional\u201d, y asegur\u00f3 que aunque desconoce de esta problem\u00e1tica \u201cse va a atender\u201d.<\/p>\n","protected":false},"excerpt":{"rendered":"<p>El presidente del Sistema P\u00fablico de Radiodifusi\u00f3n del Estado Mexicano (SPR), Jenaro Villamil, inform\u00f3 que el pr\u00f3ximo fin de semana habr\u00e1 una negociaci\u00f3n directa con el director de Canal Once, Jos\u00e9 Antonio Cruz \u00c1lvarez Lima, y extrabajadores de ese medio de comunicaci\u00f3n. En su cuenta @jenarovillamil de Twitter, el funcionario federal asegur\u00f3 que \u201cexiste la [&hellip;]<\/p>\n","protected":false},"author":1,"featured_media":7175,"comment_status":"open","ping_status":"open","sticky":true,"template":"","format":"standard","meta":{"footnotes":""},"categories":[2],"tags":[],"_links":{"self":[{"href":"https:\/\/diariodigitalmx.com\/index.php\/wp-json\/wp\/v2\/posts\/7173"}],"collection":[{"href":"https:\/\/diariodigitalmx.com\/index.php\/wp-json\/wp\/v2\/posts"}],"about":[{"href":"https:\/\/diariodigitalmx.com\/index.php\/wp-json\/wp\/v2\/types\/post"}],"author":[{"embeddable":true,"href":"https:\/\/diariodigitalmx.com\/index.php\/wp-json\/wp\/v2\/users\/1"}],"replies":[{"embeddable":true,"href":"https:\/\/diariodigitalmx.com\/index.php\/wp-json\/wp\/v2\/comments?post=7173"}],"version-history":[{"count":1,"href":"https:\/\/diariodigitalmx.com\/index.php\/wp-json\/wp\/v2\/posts\/7173\/revisions"}],"predecessor-version":[{"id":7174,"href":"https:\/\/diariodigitalmx.com\/index.php\/wp-json\/wp\/v2\/posts\/7173\/revisions\/7174"}],"wp:featuredmedia":[{"embeddable":true,"href":"https:\/\/diariodigitalmx.com\/index.php\/wp-json\/wp\/v2\/media\/7175"}],"wp:attachment":[{"href":"https:\/\/diariodigitalmx.com\/index.php\/wp-json\/wp\/v2\/media?parent=7173"}],"wp:term":[{"taxonomy":"category","embeddable":true,"href":"https:\/\/diariodigitalmx.com\/index.php\/wp-json\/wp\/v2\/categories?post=7173"},{"taxonomy":"post_tag","embeddable":true,"href":"https:\/\/diariodigitalmx.com\/index.php\/wp-json\/wp\/v2\/tags?post=7173"}],"curies":[{"name":"wp","href":"https:\/\/api.w.org\/{rel}","templated":true}]}}