{"id":71740,"date":"2022-02-22T17:24:48","date_gmt":"2022-02-22T23:24:48","guid":{"rendered":"http:\/\/diariodigitalmx.com\/?p=71740"},"modified":"2022-02-22T17:30:06","modified_gmt":"2022-02-22T23:30:06","slug":"71740","status":"publish","type":"post","link":"https:\/\/diariodigitalmx.com\/index.php\/2022\/02\/22\/71740\/","title":{"rendered":"Encontrar causas que generan conflictos, objetivo de Justicia C\u00edvica en Escobedo"},"content":{"rendered":"\n<figure class=\"wp-block-video\"><video controls src=\"http:\/\/diariodigitalmx.com\/wp-content\/uploads\/2022\/02\/ZOOM-JUSTICIA-CIVICA-MEDIOS-ASPECTOS.mp4\"><\/video><\/figure>\n\n\n\n<p>*Participa Escobedo como instructor en curso de Justicia C\u00edvica Nacional <\/p>\n\n\n\n<p>Escobedo, NL &#8211; El Municipio de Escobedo particip\u00f3 como ponente en un curso sobre Justicia C\u00edvica que la Federaci\u00f3n realiza para que m\u00e1s gobiernos municipales del pa\u00eds conozcan del tema e implementen un modelo de justicia similar, que los ayude a fortalecer su seguridad reduciendo las faltas administrativas.&nbsp;<\/p>\n\n\n\n<p>Durante el curso virtual, organizado por la Secretar\u00eda de Seguridad y Protecci\u00f3n Ciudadana federal, Escobedo explic\u00f3 que el objetivo principal de la Justicia C\u00edvica en el municipio es detectar las causas que generan los conflictos sociales, con la intenci\u00f3n de darles soluci\u00f3n y que no escalen los delitos.<\/p>\n\n\n\n<figure class=\"wp-block-image size-large\"><img loading=\"lazy\" decoding=\"async\" width=\"800\" height=\"1000\" src=\"http:\/\/diariodigitalmx.com\/wp-content\/uploads\/2022\/02\/Expor-27.jpg\" alt=\"\" class=\"wp-image-71748\" srcset=\"https:\/\/diariodigitalmx.com\/wp-content\/uploads\/2022\/02\/Expor-27.jpg 800w, https:\/\/diariodigitalmx.com\/wp-content\/uploads\/2022\/02\/Expor-27-240x300.jpg 240w, https:\/\/diariodigitalmx.com\/wp-content\/uploads\/2022\/02\/Expor-27-768x960.jpg 768w\" sizes=\"(max-width: 800px) 100vw, 800px\" \/><\/figure>\n\n\n\n<p>La autoridad busca, m\u00e1s all\u00e1 de sancionar a los infractores, se encuentren las causas que los impulsan a quebrantar los reglamentos. Para trabajar con ellos y apoyarlos a que superen sus problem\u00e1ticas y necesidades, por medio de distintas medidas de seguimiento.<\/p>\n\n\n\n<figure class=\"wp-block-image size-large\"><img loading=\"lazy\" decoding=\"async\" width=\"1000\" height=\"667\" src=\"http:\/\/diariodigitalmx.com\/wp-content\/uploads\/2022\/02\/Expor-15.jpg\" alt=\"\" class=\"wp-image-71750\" srcset=\"https:\/\/diariodigitalmx.com\/wp-content\/uploads\/2022\/02\/Expor-15.jpg 1000w, https:\/\/diariodigitalmx.com\/wp-content\/uploads\/2022\/02\/Expor-15-300x200.jpg 300w, https:\/\/diariodigitalmx.com\/wp-content\/uploads\/2022\/02\/Expor-15-768x512.jpg 768w\" sizes=\"(max-width: 1000px) 100vw, 1000px\" \/><\/figure>\n\n\n\n<p>Adem\u00e1s de Escobedo, como ponentes intervendr\u00e1n Michoac\u00e1n y Ciudad de M\u00e9xico.&nbsp;<\/p>\n\n\n\n<p>En el primero de los tres d\u00edas del curso, participaron como oyentes m\u00e1s de mil funcionarios de diversos municipios del pa\u00eds.<\/p>\n","protected":false},"excerpt":{"rendered":"<p>*Participa Escobedo como instructor en curso de Justicia C\u00edvica Nacional Escobedo, NL &#8211; El Municipio de Escobedo particip\u00f3 como ponente en un curso sobre Justicia C\u00edvica que la Federaci\u00f3n realiza para que m\u00e1s gobiernos municipales del pa\u00eds conozcan del tema e implementen un modelo de justicia similar, que los ayude a fortalecer su seguridad reduciendo [&hellip;]<\/p>\n","protected":false},"author":1,"featured_media":71744,"comment_status":"open","ping_status":"open","sticky":true,"template":"","format":"standard","meta":{"footnotes":""},"categories":[14,6],"tags":[],"_links":{"self":[{"href":"https:\/\/diariodigitalmx.com\/index.php\/wp-json\/wp\/v2\/posts\/71740"}],"collection":[{"href":"https:\/\/diariodigitalmx.com\/index.php\/wp-json\/wp\/v2\/posts"}],"about":[{"href":"https:\/\/diariodigitalmx.com\/index.php\/wp-json\/wp\/v2\/types\/post"}],"author":[{"embeddable":true,"href":"https:\/\/diariodigitalmx.com\/index.php\/wp-json\/wp\/v2\/users\/1"}],"replies":[{"embeddable":true,"href":"https:\/\/diariodigitalmx.com\/index.php\/wp-json\/wp\/v2\/comments?post=71740"}],"version-history":[{"count":5,"href":"https:\/\/diariodigitalmx.com\/index.php\/wp-json\/wp\/v2\/posts\/71740\/revisions"}],"predecessor-version":[{"id":71751,"href":"https:\/\/diariodigitalmx.com\/index.php\/wp-json\/wp\/v2\/posts\/71740\/revisions\/71751"}],"wp:featuredmedia":[{"embeddable":true,"href":"https:\/\/diariodigitalmx.com\/index.php\/wp-json\/wp\/v2\/media\/71744"}],"wp:attachment":[{"href":"https:\/\/diariodigitalmx.com\/index.php\/wp-json\/wp\/v2\/media?parent=71740"}],"wp:term":[{"taxonomy":"category","embeddable":true,"href":"https:\/\/diariodigitalmx.com\/index.php\/wp-json\/wp\/v2\/categories?post=71740"},{"taxonomy":"post_tag","embeddable":true,"href":"https:\/\/diariodigitalmx.com\/index.php\/wp-json\/wp\/v2\/tags?post=71740"}],"curies":[{"name":"wp","href":"https:\/\/api.w.org\/{rel}","templated":true}]}}