{"id":7176,"date":"2019-07-03T12:08:16","date_gmt":"2019-07-03T17:08:16","guid":{"rendered":"http:\/\/diariodigitalmx.com\/?p=7176"},"modified":"2019-10-18T16:58:43","modified_gmt":"2019-10-18T21:58:43","slug":"ficha-hector-herrera-con-el-atletico-de-madrid","status":"publish","type":"post","link":"https:\/\/diariodigitalmx.com\/index.php\/2019\/07\/03\/ficha-hector-herrera-con-el-atletico-de-madrid\/","title":{"rendered":"Ficha H\u00e9ctor Herrera con el Atl\u00e9tico de Madrid"},"content":{"rendered":"\n<p><\/p>\n\n\n\n<p>Por fin la espera termin\u00f3 para&nbsp;H\u00e9ctor Herrera\u2026<br>\nLuego de casi un mes, y de pedir un \u2018plazo\u2019 para no asistir con la&nbsp;Selecci\u00f3nMexicana&nbsp;a\nla&nbsp;Copa Oro. El&nbsp;Atl\u00e9tico de Madrid&nbsp;anunci\u00f3\nmediante sus redes sociales la incorporaci\u00f3n del mediocampista mexicano, quien\nformar\u00e1 parte de los colchoneros las pr\u00f3ximas tres temporadas.<\/p>\n\n\n\n<p>\u201c<em>Acuerdo con&nbsp;<a href=\"https:\/\/twitter.com\/HHerreramex\">@<strong>HHerreramex<\/strong><\/a>&nbsp;para\nque se convierta en nuevo jugador rojiblanco.<\/em><br>\n<em>El futbolista mexicano firmar\u00e1 ma\u00f1ana su contrato para las pr\u00f3ximas 3\ntemporadas&nbsp;<\/em><br>\n<em>\u00a1Bienvenido!&nbsp;<a href=\"https:\/\/twitter.com\/hashtag\/A%C3%BApaAtleti?src=hash\">#<strong>A\u00fapaAtleti<\/strong><\/a>&nbsp;<\/em><a href=\"https:\/\/twitter.com\/hashtag\/BienvenidoHerrera?src=hash\"><em>#<\/em><strong><em>BienvenidoHerrera<\/em><\/strong><strong>\u201c,&nbsp;<\/strong><\/a>se\nlee en su comunicado.<\/p>\n\n\n\n<p>Tras ser anunciado como el\nflamante refuerzo de los colchoneros, \u2018<strong>HH<\/strong>\u2018 se dijo contento y\nmotivado por llegar a uno de los \u2018<strong>Grandes de Espa\u00f1a<\/strong>\u2018,\ndonde dejar\u00e1 todo por la playera rojiblanca.\n\n\u201c<em>Motivado\ny con mucha ilusi\u00f3n por llegar a un equipo hist\u00f3rico como el @atleticodemadrid\ny muy feliz por jugar en la mejor liga del mundo&nbsp;<a href=\"https:\/\/twitter.com\/LaLiga\">@<strong>laliga\u201d.<\/strong><\/a><\/em><\/p>\n\n\n\n<p> <\/p>\n\n\n\n<p><\/p>\n\n\n\n<p><\/p>\n","protected":false},"excerpt":{"rendered":"<p>Por fin la espera termin\u00f3 para&nbsp;H\u00e9ctor Herrera\u2026 Luego de casi un mes, y de pedir un \u2018plazo\u2019 para no asistir con la&nbsp;Selecci\u00f3nMexicana&nbsp;a la&nbsp;Copa Oro. El&nbsp;Atl\u00e9tico de Madrid&nbsp;anunci\u00f3 mediante sus redes sociales la incorporaci\u00f3n del mediocampista mexicano, quien formar\u00e1 parte de los colchoneros las pr\u00f3ximas tres temporadas. \u201cAcuerdo con&nbsp;@HHerreramex&nbsp;para que se convierta en nuevo jugador rojiblanco. [&hellip;]<\/p>\n","protected":false},"author":1,"featured_media":7179,"comment_status":"open","ping_status":"open","sticky":true,"template":"","format":"standard","meta":{"footnotes":""},"categories":[8],"tags":[],"_links":{"self":[{"href":"https:\/\/diariodigitalmx.com\/index.php\/wp-json\/wp\/v2\/posts\/7176"}],"collection":[{"href":"https:\/\/diariodigitalmx.com\/index.php\/wp-json\/wp\/v2\/posts"}],"about":[{"href":"https:\/\/diariodigitalmx.com\/index.php\/wp-json\/wp\/v2\/types\/post"}],"author":[{"embeddable":true,"href":"https:\/\/diariodigitalmx.com\/index.php\/wp-json\/wp\/v2\/users\/1"}],"replies":[{"embeddable":true,"href":"https:\/\/diariodigitalmx.com\/index.php\/wp-json\/wp\/v2\/comments?post=7176"}],"version-history":[{"count":2,"href":"https:\/\/diariodigitalmx.com\/index.php\/wp-json\/wp\/v2\/posts\/7176\/revisions"}],"predecessor-version":[{"id":7178,"href":"https:\/\/diariodigitalmx.com\/index.php\/wp-json\/wp\/v2\/posts\/7176\/revisions\/7178"}],"wp:featuredmedia":[{"embeddable":true,"href":"https:\/\/diariodigitalmx.com\/index.php\/wp-json\/wp\/v2\/media\/7179"}],"wp:attachment":[{"href":"https:\/\/diariodigitalmx.com\/index.php\/wp-json\/wp\/v2\/media?parent=7176"}],"wp:term":[{"taxonomy":"category","embeddable":true,"href":"https:\/\/diariodigitalmx.com\/index.php\/wp-json\/wp\/v2\/categories?post=7176"},{"taxonomy":"post_tag","embeddable":true,"href":"https:\/\/diariodigitalmx.com\/index.php\/wp-json\/wp\/v2\/tags?post=7176"}],"curies":[{"name":"wp","href":"https:\/\/api.w.org\/{rel}","templated":true}]}}