{"id":71772,"date":"2022-02-23T13:06:56","date_gmt":"2022-02-23T19:06:56","guid":{"rendered":"http:\/\/diariodigitalmx.com\/?p=71772"},"modified":"2022-02-23T13:08:41","modified_gmt":"2022-02-23T19:08:41","slug":"agonizan-presas-en-nl-el-agua-tiene-los-dias-contados","status":"publish","type":"post","link":"https:\/\/diariodigitalmx.com\/index.php\/2022\/02\/23\/agonizan-presas-en-nl-el-agua-tiene-los-dias-contados\/","title":{"rendered":"Agonizan presas en NL; el agua tiene los d\u00edas contados"},"content":{"rendered":"\n<p>Walter Elizondo <\/p>\n\n\n\n<p>Monterrey &#8211; Monterrey y la zona metropolitana se acerca al colapso y el agua tiene contados los d\u00edas.&nbsp;<\/p>\n\n\n\n<p>Mientras tanto, los regios mantienen un alto nivel de consumo y se niegan a ahorrar el l\u00edquido.&nbsp;<\/p>\n\n\n\n<p>De las tres presas que abastecen de agua a la zona metropolitana de Monterrey, dos de ellas tienen agua solamente para 17 y 42 d\u00edas respectivamente.&nbsp;<\/p>\n\n\n\n<p>Juan Ignacio Barrag\u00e1n, director de la paraestatal Agua y Drenaje de Monterrey inform\u00f3 que la reserva que queda en la Presa Cerro Prieto alcanzar\u00eda para 42 d\u00edas, mientras que La Boca para los pr\u00f3ximos 17.<\/p>\n\n\n\n<figure class=\"wp-block-image size-large\"><img loading=\"lazy\" decoding=\"async\" width=\"1024\" height=\"768\" src=\"http:\/\/diariodigitalmx.com\/wp-content\/uploads\/2022\/02\/IMG-20220215-WA0018-1024x768.jpg\" alt=\"\" class=\"wp-image-71775\" srcset=\"https:\/\/diariodigitalmx.com\/wp-content\/uploads\/2022\/02\/IMG-20220215-WA0018-1024x768.jpg 1024w, https:\/\/diariodigitalmx.com\/wp-content\/uploads\/2022\/02\/IMG-20220215-WA0018-300x225.jpg 300w, https:\/\/diariodigitalmx.com\/wp-content\/uploads\/2022\/02\/IMG-20220215-WA0018-768x576.jpg 768w, https:\/\/diariodigitalmx.com\/wp-content\/uploads\/2022\/02\/IMG-20220215-WA0018.jpg 1408w\" sizes=\"(max-width: 1024px) 100vw, 1024px\" \/><\/figure>\n\n\n\n<p>En cuanto al consumo de agua, mostr\u00f3 un sem\u00e1foro que, dijo, est\u00e1 anaranjado, con un consumo de 14 mil 805 litros por segundo, muy cercano a los 15 mil litros que marcan el rojo.<\/p>\n\n\n\n<p>Luego advirti\u00f3, si se llega a los 16\u00a0mil litros por segundo, la situaci\u00f3n ser\u00eda ya insostenible.<\/p>\n\n\n\n<p>Los regios consumen alrededor de 165 litros por d\u00eda, porcentaje que se eleva en San Pedro Garza Garc\u00eda hasta&nbsp; 301 litros.<\/p>\n\n\n\n<p>La presa La Boca, en la localidad de Santiago con capacidad para 37 millones de metros c\u00fabicos esta a punto de secarse, mientras Cerro Prieto, en Linares, con capacidad para poco m\u00e1s de 400 millones atraviesa por problemas similares ante la sequ\u00eda.&nbsp;<\/p>\n\n\n\n<p>La otra presa, El Cuchillo, en el municipio de China, mantiene mejores niveles.&nbsp;<\/p>\n\n\n\n<p>El funcionario dijo que el alto consumo de agua provoc\u00f3 que se vaciaran con mayor rapidez los tanques de distribuci\u00f3n en la zona norte, lo que provoc\u00f3 disminuci\u00f3n del servicio en unas 80 colonias de Monterrey y el municipio de San Nicol\u00e1s.<\/p>\n\n\n\n<p>Para enfrentar el problema se incorporan nuevos pozos, se regeneran otros y se negocia con particulares para tomar los que operan.&nbsp;<\/p>\n","protected":false},"excerpt":{"rendered":"<p>Walter Elizondo Monterrey &#8211; Monterrey y la zona metropolitana se acerca al colapso y el agua tiene contados los d\u00edas.&nbsp; Mientras tanto, los regios mantienen un alto nivel de consumo y se niegan a ahorrar el l\u00edquido.&nbsp; De las tres presas que abastecen de agua a la zona metropolitana de Monterrey, dos de ellas tienen [&hellip;]<\/p>\n","protected":false},"author":1,"featured_media":71774,"comment_status":"open","ping_status":"open","sticky":true,"template":"","format":"standard","meta":{"footnotes":""},"categories":[6,3],"tags":[],"_links":{"self":[{"href":"https:\/\/diariodigitalmx.com\/index.php\/wp-json\/wp\/v2\/posts\/71772"}],"collection":[{"href":"https:\/\/diariodigitalmx.com\/index.php\/wp-json\/wp\/v2\/posts"}],"about":[{"href":"https:\/\/diariodigitalmx.com\/index.php\/wp-json\/wp\/v2\/types\/post"}],"author":[{"embeddable":true,"href":"https:\/\/diariodigitalmx.com\/index.php\/wp-json\/wp\/v2\/users\/1"}],"replies":[{"embeddable":true,"href":"https:\/\/diariodigitalmx.com\/index.php\/wp-json\/wp\/v2\/comments?post=71772"}],"version-history":[{"count":3,"href":"https:\/\/diariodigitalmx.com\/index.php\/wp-json\/wp\/v2\/posts\/71772\/revisions"}],"predecessor-version":[{"id":71777,"href":"https:\/\/diariodigitalmx.com\/index.php\/wp-json\/wp\/v2\/posts\/71772\/revisions\/71777"}],"wp:featuredmedia":[{"embeddable":true,"href":"https:\/\/diariodigitalmx.com\/index.php\/wp-json\/wp\/v2\/media\/71774"}],"wp:attachment":[{"href":"https:\/\/diariodigitalmx.com\/index.php\/wp-json\/wp\/v2\/media?parent=71772"}],"wp:term":[{"taxonomy":"category","embeddable":true,"href":"https:\/\/diariodigitalmx.com\/index.php\/wp-json\/wp\/v2\/categories?post=71772"},{"taxonomy":"post_tag","embeddable":true,"href":"https:\/\/diariodigitalmx.com\/index.php\/wp-json\/wp\/v2\/tags?post=71772"}],"curies":[{"name":"wp","href":"https:\/\/api.w.org\/{rel}","templated":true}]}}