{"id":71796,"date":"2022-02-23T20:47:18","date_gmt":"2022-02-24T02:47:18","guid":{"rendered":"http:\/\/diariodigitalmx.com\/?p=71796"},"modified":"2022-02-23T20:47:53","modified_gmt":"2022-02-24T02:47:53","slug":"se-basa-en-hechos-la-preocupacion-de-eu-por-violencia-a-periodistas-en-mexico","status":"publish","type":"post","link":"https:\/\/diariodigitalmx.com\/index.php\/2022\/02\/23\/se-basa-en-hechos-la-preocupacion-de-eu-por-violencia-a-periodistas-en-mexico\/","title":{"rendered":"Se basa en hechos, la preocupaci\u00f3n de EU por violencia a periodistas en M\u00e9xico"},"content":{"rendered":"\n<p>EFE<\/p>\n\n\n\n<p>La Casa Blanca asegur\u00f3 este mi\u00e9rcoles que su preocupaci\u00f3n por la violencia que enfrentan los periodistas en M\u00e9xico se basa en &#8220;hechos&#8221;, en respuesta a las declaraciones sobre el tema del presidente mexicano, Andr\u00e9s Manuel L\u00f3pez Obrador.<\/p>\n\n\n\n<p>&#8220;Hemos visto las amenazas que se han hecho contra periodistas en M\u00e9xico, es un hecho&#8221;, dijo la portavoz de la Casa Blanca, Jen Psaki, al ser preguntada al respecto por Efe en su rueda de prensa diaria.<\/p>\n\n\n\n<p>La portavoz reaccionaba as\u00ed al comentario de L\u00f3pez Obrador de que el secretario de Estado estadounidense, Antony Blinken, deb\u00eda estar mal informado cuando denunci\u00f3, en un tuit, que hay un alto n\u00famero de periodistas asesinados en M\u00e9xico este a\u00f1o.<\/p>\n\n\n\n<p>&#8220;El secretario Blinken estaba expresando su preocupaci\u00f3n de parte de Estados Unidos sobre esos abusos (contra periodistas en M\u00e9xico). Estaba hablando sobre los hechos que hemos visto sobre el terreno&#8221;, subray\u00f3 Psaki.<\/p>\n\n\n\n<p>Este martes, Blinken escribi\u00f3 en su cuenta de Twitter que el &#8220;alto n\u00famero de periodistas asesinados en M\u00e9xico este a\u00f1o y las continuas amenazas que enfrentan son preocupantes&#8221;.<\/p>\n\n\n\n<p>&#8220;Me uno a quienes piden mayor responsabilidad y protecci\u00f3n para los periodistas mexicanos. Mi coraz\u00f3n est\u00e1 con los seres queridos de aquellos que dieron su vida por la verdad&#8221;, a\u00f1adi\u00f3.<\/p>\n","protected":false},"excerpt":{"rendered":"<p>EFE La Casa Blanca asegur\u00f3 este mi\u00e9rcoles que su preocupaci\u00f3n por la violencia que enfrentan los periodistas en M\u00e9xico se basa en &#8220;hechos&#8221;, en respuesta a las declaraciones sobre el tema del presidente mexicano, Andr\u00e9s Manuel L\u00f3pez Obrador. &#8220;Hemos visto las amenazas que se han hecho contra periodistas en M\u00e9xico, es un hecho&#8221;, dijo la [&hellip;]<\/p>\n","protected":false},"author":1,"featured_media":71798,"comment_status":"open","ping_status":"open","sticky":true,"template":"","format":"standard","meta":{"footnotes":""},"categories":[4,3],"tags":[],"_links":{"self":[{"href":"https:\/\/diariodigitalmx.com\/index.php\/wp-json\/wp\/v2\/posts\/71796"}],"collection":[{"href":"https:\/\/diariodigitalmx.com\/index.php\/wp-json\/wp\/v2\/posts"}],"about":[{"href":"https:\/\/diariodigitalmx.com\/index.php\/wp-json\/wp\/v2\/types\/post"}],"author":[{"embeddable":true,"href":"https:\/\/diariodigitalmx.com\/index.php\/wp-json\/wp\/v2\/users\/1"}],"replies":[{"embeddable":true,"href":"https:\/\/diariodigitalmx.com\/index.php\/wp-json\/wp\/v2\/comments?post=71796"}],"version-history":[{"count":1,"href":"https:\/\/diariodigitalmx.com\/index.php\/wp-json\/wp\/v2\/posts\/71796\/revisions"}],"predecessor-version":[{"id":71797,"href":"https:\/\/diariodigitalmx.com\/index.php\/wp-json\/wp\/v2\/posts\/71796\/revisions\/71797"}],"wp:featuredmedia":[{"embeddable":true,"href":"https:\/\/diariodigitalmx.com\/index.php\/wp-json\/wp\/v2\/media\/71798"}],"wp:attachment":[{"href":"https:\/\/diariodigitalmx.com\/index.php\/wp-json\/wp\/v2\/media?parent=71796"}],"wp:term":[{"taxonomy":"category","embeddable":true,"href":"https:\/\/diariodigitalmx.com\/index.php\/wp-json\/wp\/v2\/categories?post=71796"},{"taxonomy":"post_tag","embeddable":true,"href":"https:\/\/diariodigitalmx.com\/index.php\/wp-json\/wp\/v2\/tags?post=71796"}],"curies":[{"name":"wp","href":"https:\/\/api.w.org\/{rel}","templated":true}]}}