{"id":71805,"date":"2022-02-24T00:49:41","date_gmt":"2022-02-24T06:49:41","guid":{"rendered":"http:\/\/diariodigitalmx.com\/?p=71805"},"modified":"2022-02-24T00:54:46","modified_gmt":"2022-02-24T06:54:46","slug":"rusia-ataca-a-ucrania","status":"publish","type":"post","link":"https:\/\/diariodigitalmx.com\/index.php\/2022\/02\/24\/rusia-ataca-a-ucrania\/","title":{"rendered":"Rusia ataca a Ucrania"},"content":{"rendered":"\n<figure class=\"wp-block-embed\"><div class=\"wp-block-embed__wrapper\">\nhttp:\/\/content.jwplatform.com\/players\/73pmKvhu-gTHcH4FX.html\n<\/div><\/figure>\n\n\n\n<p>Explosiones en varios puntos de Ucrania, como Kiev, J\u00e1rkov y Dnipr\u00f3 se registraron tras que el presidente ruso Vladimir Putin anunci\u00f3 una operaci\u00f3n militar.&nbsp;<\/p>\n\n\n\n<p>Ucrania detall\u00f3 que el pa\u00eds fue atacado desde las fronteras con Rusia, Bielorrusia y Crimea.<\/p>\n\n\n\n<p>&#8220;Putin acaba de lanzar una invasi\u00f3n a gran escala en Ucrania. Las pac\u00edficas ciudades ucranianas est\u00e1n bajo ataque. Ucrania se defender\u00e1 y ganar\u00e1. El mundo puede y debe detener a Putin. El tiempo para actuar es ahora&#8221;, confirm\u00f3 Dmytro Kuleba, Ministro de Relaciones Exteriores de Ucrania,<\/p>\n\n\n\n<figure class=\"wp-block-image size-large\"><img loading=\"lazy\" decoding=\"async\" width=\"824\" height=\"1024\" src=\"http:\/\/diariodigitalmx.com\/wp-content\/uploads\/2022\/02\/Screenshot_20220224_003126_com.android.chrome2-824x1024.jpg\" alt=\"\" class=\"wp-image-71808\" srcset=\"https:\/\/diariodigitalmx.com\/wp-content\/uploads\/2022\/02\/Screenshot_20220224_003126_com.android.chrome2-824x1024.jpg 824w, https:\/\/diariodigitalmx.com\/wp-content\/uploads\/2022\/02\/Screenshot_20220224_003126_com.android.chrome2-241x300.jpg 241w, https:\/\/diariodigitalmx.com\/wp-content\/uploads\/2022\/02\/Screenshot_20220224_003126_com.android.chrome2-768x954.jpg 768w, https:\/\/diariodigitalmx.com\/wp-content\/uploads\/2022\/02\/Screenshot_20220224_003126_com.android.chrome2.jpg 1080w\" sizes=\"(max-width: 824px) 100vw, 824px\" \/><\/figure>\n\n\n\n<p>A su vez, Anton Gerashchenko, asesor del Ministro del Interior de Ucrania, confirm\u00f3&nbsp; tambi\u00e9n ataques con artiller\u00eda cerca de cuarteles, aeropuertos y almacenes militares en la zona de la frontera.<\/p>\n\n\n\n<p>Mientras tanto, las Fuerzas Armadas de Rusia confimaron el ataque a&nbsp; bases a\u00e9reas&nbsp; y otros activos militares, pero rechazaron que hayan bombardeado \u00e1reas civiles.<\/p>\n\n\n\n<p>En redes sociales se ha dicho que luego de las detonaciones, se registraron apagones en J\u00e1rkov y Kiev, la capital ucraniana, en tanto&nbsp;<\/p>\n\n\n\n<p>decenas de autos buscaban salir de las zonas en las que se escucharon las explosiones.<\/p>\n\n\n\n<figure class=\"wp-block-image size-large\"><img loading=\"lazy\" decoding=\"async\" width=\"1024\" height=\"617\" src=\"http:\/\/diariodigitalmx.com\/wp-content\/uploads\/2022\/02\/Screenshot_20220224_003758_com.android.chrome2-1024x617.jpg\" alt=\"\" class=\"wp-image-71810\" srcset=\"https:\/\/diariodigitalmx.com\/wp-content\/uploads\/2022\/02\/Screenshot_20220224_003758_com.android.chrome2-1024x617.jpg 1024w, https:\/\/diariodigitalmx.com\/wp-content\/uploads\/2022\/02\/Screenshot_20220224_003758_com.android.chrome2-300x181.jpg 300w, https:\/\/diariodigitalmx.com\/wp-content\/uploads\/2022\/02\/Screenshot_20220224_003758_com.android.chrome2-768x463.jpg 768w, https:\/\/diariodigitalmx.com\/wp-content\/uploads\/2022\/02\/Screenshot_20220224_003758_com.android.chrome2.jpg 1080w\" sizes=\"(max-width: 1024px) 100vw, 1024px\" \/><\/figure>\n\n\n\n<p>El ataque inici\u00f3 cerca de las 5:00 horas y ten\u00eda como objetivo los activos militares. Las tropas rusas usan artiller\u00eda, equipo pesado y armas peque\u00f1as.<\/p>\n\n\n\n<p>Los guardias ucranianos han &#8220;disparado al enemigo&#8221; y respondido al fuego.<\/p>\n\n\n\n<p>De acuerdo con CNN, habitantes tambi\u00e9n han reportado fuertes explosiones en Kramatorsk, Dnipr\u00f3, Mariupol, Odessa y Zaporizhzhia.&nbsp;<\/p>\n\n\n\n<p>&#8220;Aparentemente, no muy lejos de m\u00ed en Kiev hubo una explosi\u00f3n. Hay edificios residenciales da\u00f1ados, vallas publicitarias y centros comerciales&#8221;, escribi\u00f3 en Twitter Iuliia Mendel, ex vocera del Presidente de Ucrania.<\/p>\n","protected":false},"excerpt":{"rendered":"<p>Explosiones en varios puntos de Ucrania, como Kiev, J\u00e1rkov y Dnipr\u00f3 se registraron tras que el presidente ruso Vladimir Putin anunci\u00f3 una operaci\u00f3n militar.&nbsp; Ucrania detall\u00f3 que el pa\u00eds fue atacado desde las fronteras con Rusia, Bielorrusia y Crimea. &#8220;Putin acaba de lanzar una invasi\u00f3n a gran escala en Ucrania. Las pac\u00edficas ciudades ucranianas est\u00e1n [&hellip;]<\/p>\n","protected":false},"author":1,"featured_media":71807,"comment_status":"open","ping_status":"open","sticky":true,"template":"","format":"standard","meta":{"footnotes":""},"categories":[4,3],"tags":[],"_links":{"self":[{"href":"https:\/\/diariodigitalmx.com\/index.php\/wp-json\/wp\/v2\/posts\/71805"}],"collection":[{"href":"https:\/\/diariodigitalmx.com\/index.php\/wp-json\/wp\/v2\/posts"}],"about":[{"href":"https:\/\/diariodigitalmx.com\/index.php\/wp-json\/wp\/v2\/types\/post"}],"author":[{"embeddable":true,"href":"https:\/\/diariodigitalmx.com\/index.php\/wp-json\/wp\/v2\/users\/1"}],"replies":[{"embeddable":true,"href":"https:\/\/diariodigitalmx.com\/index.php\/wp-json\/wp\/v2\/comments?post=71805"}],"version-history":[{"count":4,"href":"https:\/\/diariodigitalmx.com\/index.php\/wp-json\/wp\/v2\/posts\/71805\/revisions"}],"predecessor-version":[{"id":71812,"href":"https:\/\/diariodigitalmx.com\/index.php\/wp-json\/wp\/v2\/posts\/71805\/revisions\/71812"}],"wp:featuredmedia":[{"embeddable":true,"href":"https:\/\/diariodigitalmx.com\/index.php\/wp-json\/wp\/v2\/media\/71807"}],"wp:attachment":[{"href":"https:\/\/diariodigitalmx.com\/index.php\/wp-json\/wp\/v2\/media?parent=71805"}],"wp:term":[{"taxonomy":"category","embeddable":true,"href":"https:\/\/diariodigitalmx.com\/index.php\/wp-json\/wp\/v2\/categories?post=71805"},{"taxonomy":"post_tag","embeddable":true,"href":"https:\/\/diariodigitalmx.com\/index.php\/wp-json\/wp\/v2\/tags?post=71805"}],"curies":[{"name":"wp","href":"https:\/\/api.w.org\/{rel}","templated":true}]}}