{"id":71813,"date":"2022-02-24T01:12:40","date_gmt":"2022-02-24T07:12:40","guid":{"rendered":"http:\/\/diariodigitalmx.com\/?p=71813"},"modified":"2022-02-24T01:14:52","modified_gmt":"2022-02-24T07:14:52","slug":"activa-mexico-proteccion-a-mexicanos-en-kiev","status":"publish","type":"post","link":"https:\/\/diariodigitalmx.com\/index.php\/2022\/02\/24\/activa-mexico-proteccion-a-mexicanos-en-kiev\/","title":{"rendered":"Activa M\u00e9xico protecci\u00f3n a mexicanos en Kiev"},"content":{"rendered":"\n<p>Luego de que el presidente ruso Vladimir Putin anunci\u00f3 una operaci\u00f3n militar en Ucrania para defender a los separatistas en el este del pa\u00eds, las autoridades mexicanas anunciaron que la embajada de Kiev se encuentra bien.<\/p>\n\n\n\n<p>Anunci\u00f3 que el gobierno se encuentra en contacto con su embajada en Kiev para dar seguimiento a la situaci\u00f3n de unos 200 mexicanos residentes en Ucrania.<\/p>\n\n\n\n<p>A trav\u00e9s de su cuenta de Twitter el secretario de relaciones exteriores, Marcelo Ebrard, anunci\u00f3 que estar\u00e1n al pendiente para la protecci\u00f3n de las familias mexicanas.<\/p>\n\n\n\n<figure class=\"wp-block-image size-large\"><img loading=\"lazy\" decoding=\"async\" width=\"988\" height=\"546\" src=\"http:\/\/diariodigitalmx.com\/wp-content\/uploads\/2022\/02\/Screenshot_20220224_010934_com.android.chrome2.jpg\" alt=\"\" class=\"wp-image-71815\" srcset=\"https:\/\/diariodigitalmx.com\/wp-content\/uploads\/2022\/02\/Screenshot_20220224_010934_com.android.chrome2.jpg 988w, https:\/\/diariodigitalmx.com\/wp-content\/uploads\/2022\/02\/Screenshot_20220224_010934_com.android.chrome2-300x166.jpg 300w, https:\/\/diariodigitalmx.com\/wp-content\/uploads\/2022\/02\/Screenshot_20220224_010934_com.android.chrome2-768x424.jpg 768w\" sizes=\"(max-width: 988px) 100vw, 988px\" \/><\/figure>\n","protected":false},"excerpt":{"rendered":"<p>Luego de que el presidente ruso Vladimir Putin anunci\u00f3 una operaci\u00f3n militar en Ucrania para defender a los separatistas en el este del pa\u00eds, las autoridades mexicanas anunciaron que la embajada de Kiev se encuentra bien. Anunci\u00f3 que el gobierno se encuentra en contacto con su embajada en Kiev para dar seguimiento a la situaci\u00f3n [&hellip;]<\/p>\n","protected":false},"author":1,"featured_media":0,"comment_status":"open","ping_status":"open","sticky":false,"template":"","format":"standard","meta":{"footnotes":""},"categories":[1],"tags":[],"_links":{"self":[{"href":"https:\/\/diariodigitalmx.com\/index.php\/wp-json\/wp\/v2\/posts\/71813"}],"collection":[{"href":"https:\/\/diariodigitalmx.com\/index.php\/wp-json\/wp\/v2\/posts"}],"about":[{"href":"https:\/\/diariodigitalmx.com\/index.php\/wp-json\/wp\/v2\/types\/post"}],"author":[{"embeddable":true,"href":"https:\/\/diariodigitalmx.com\/index.php\/wp-json\/wp\/v2\/users\/1"}],"replies":[{"embeddable":true,"href":"https:\/\/diariodigitalmx.com\/index.php\/wp-json\/wp\/v2\/comments?post=71813"}],"version-history":[{"count":2,"href":"https:\/\/diariodigitalmx.com\/index.php\/wp-json\/wp\/v2\/posts\/71813\/revisions"}],"predecessor-version":[{"id":71816,"href":"https:\/\/diariodigitalmx.com\/index.php\/wp-json\/wp\/v2\/posts\/71813\/revisions\/71816"}],"wp:attachment":[{"href":"https:\/\/diariodigitalmx.com\/index.php\/wp-json\/wp\/v2\/media?parent=71813"}],"wp:term":[{"taxonomy":"category","embeddable":true,"href":"https:\/\/diariodigitalmx.com\/index.php\/wp-json\/wp\/v2\/categories?post=71813"},{"taxonomy":"post_tag","embeddable":true,"href":"https:\/\/diariodigitalmx.com\/index.php\/wp-json\/wp\/v2\/tags?post=71813"}],"curies":[{"name":"wp","href":"https:\/\/api.w.org\/{rel}","templated":true}]}}