{"id":71844,"date":"2022-02-24T10:51:21","date_gmt":"2022-02-24T16:51:21","guid":{"rendered":"http:\/\/diariodigitalmx.com\/?p=71844"},"modified":"2022-02-24T10:53:06","modified_gmt":"2022-02-24T16:53:06","slug":"avanzan-iem-y-cotai-en-acciones-para-el-desarrollo-de-las-mujeres-de-nl","status":"publish","type":"post","link":"https:\/\/diariodigitalmx.com\/index.php\/2022\/02\/24\/avanzan-iem-y-cotai-en-acciones-para-el-desarrollo-de-las-mujeres-de-nl\/","title":{"rendered":"Avanzan IEM y COTAI en acciones para el desarrollo de las mujeres de NL"},"content":{"rendered":"\n<p><\/p>\n\n\n\n<p>La COTAI suscribi\u00f3 un convenio de colaboraci\u00f3n mediante el cual se integrar\u00e1 una red de capacitaci\u00f3n y formaci\u00f3n sobre la perspectiva de g\u00e9nero, equidad, transparencia y protecci\u00f3n de datos personales que beneficien al desarrollo de los derechos de las mujeres.<\/p>\n\n\n\n<p>La Comisionada Presidenta de la COTAI, Mar\u00eda Teresa Trevi\u00f1o Fern\u00e1ndez y Laura Paula L\u00f3pez S\u00e1nchez, Presidenta del Instituto Estatal de las Mujeres, firmaron el convenio, en un evento celebrado en las instalaciones de la COTAI.<\/p>\n\n\n\n<figure class=\"wp-block-image size-large\"><img loading=\"lazy\" decoding=\"async\" width=\"1024\" height=\"682\" src=\"http:\/\/diariodigitalmx.com\/wp-content\/uploads\/2022\/02\/1E7A3578-1024x682.jpeg\" alt=\"\" class=\"wp-image-71847\" srcset=\"https:\/\/diariodigitalmx.com\/wp-content\/uploads\/2022\/02\/1E7A3578-1024x682.jpeg 1024w, https:\/\/diariodigitalmx.com\/wp-content\/uploads\/2022\/02\/1E7A3578-300x200.jpeg 300w, https:\/\/diariodigitalmx.com\/wp-content\/uploads\/2022\/02\/1E7A3578-768x512.jpeg 768w, https:\/\/diariodigitalmx.com\/wp-content\/uploads\/2022\/02\/1E7A3578.jpeg 1280w\" sizes=\"(max-width: 1024px) 100vw, 1024px\" \/><\/figure>\n\n\n\n<p>Trevi\u00f1o Fern\u00e1ndez se\u00f1al\u00f3 que el acceso a la informaci\u00f3n p\u00fablica es una herramienta valiosa que fomentar la participaci\u00f3n ciudadana y brinda la posibilidad de ejercer otros derechos humanos.<\/p>\n\n\n\n<p>Cit\u00f3 como un ejemplo de ello, el micrositio impulsado por la COTAI desde 2020 denominado \u201cTransparencia para erradicar la violencia contra las mujeres\u201d con informaci\u00f3n que orienta sobre mecanismos de denuncias o a d\u00f3nde acudir cuando alguna mujer sea v\u00edctima de violencia.<\/p>\n\n\n\n<p>\u201cSin duda alguna, la firma del convenio de colaboraci\u00f3n con el Instituto Estatal de las Mujeres, viene a reforzar las acciones que este organismo garante ha llevado a cabo para ofrecer mecanismos legales, que les permitan a todas las mujeres, empoderarse a trav\u00e9s del ejercicio del derecho de acceso a la informaci\u00f3n\u201d, dijo en su mensaje la Comisionada Presidenta.<\/p>\n\n\n\n<figure class=\"wp-block-image size-large\"><img loading=\"lazy\" decoding=\"async\" width=\"1024\" height=\"682\" src=\"http:\/\/diariodigitalmx.com\/wp-content\/uploads\/2022\/02\/IMG_3326-1024x682.jpeg\" alt=\"\" class=\"wp-image-71849\" srcset=\"https:\/\/diariodigitalmx.com\/wp-content\/uploads\/2022\/02\/IMG_3326-1024x682.jpeg 1024w, https:\/\/diariodigitalmx.com\/wp-content\/uploads\/2022\/02\/IMG_3326-300x200.jpeg 300w, https:\/\/diariodigitalmx.com\/wp-content\/uploads\/2022\/02\/IMG_3326-768x512.jpeg 768w, https:\/\/diariodigitalmx.com\/wp-content\/uploads\/2022\/02\/IMG_3326.jpeg 1280w\" sizes=\"(max-width: 1024px) 100vw, 1024px\" \/><\/figure>\n\n\n\n<p>En su oportunidad, la presidenta del Instituto Estatal de las Mujeres, expuso que el convenio establece las bases para coordinar la ejecuci\u00f3n de actividades dirigidas al fortalecimiento de la cultura de la transparencia, a la formaci\u00f3n, capacitaci\u00f3n y actualizaci\u00f3n permanente del personal del Instituto.<\/p>\n\n\n\n<p>\u201cEstamos seguras y seguros que reforzando y colaborando de manera activa en estos acuerdos lograremos llevar la transversalidad de la perspectiva de g\u00e9nero al gobierno y a todo el estado de Nuevo Le\u00f3n, estoy segura que la colaboraci\u00f3n entre ambas instituciones va a ser de beneficio para la sociedad nuevoleonesa\u201d, expuso L\u00f3pez S\u00e1nchez.<\/p>\n","protected":false},"excerpt":{"rendered":"<p>La COTAI suscribi\u00f3 un convenio de colaboraci\u00f3n mediante el cual se integrar\u00e1 una red de capacitaci\u00f3n y formaci\u00f3n sobre la perspectiva de g\u00e9nero, equidad, transparencia y protecci\u00f3n de datos personales que beneficien al desarrollo de los derechos de las mujeres. La Comisionada Presidenta de la COTAI, Mar\u00eda Teresa Trevi\u00f1o Fern\u00e1ndez y Laura Paula L\u00f3pez S\u00e1nchez, [&hellip;]<\/p>\n","protected":false},"author":1,"featured_media":71846,"comment_status":"open","ping_status":"open","sticky":true,"template":"","format":"standard","meta":{"footnotes":""},"categories":[6,5],"tags":[],"_links":{"self":[{"href":"https:\/\/diariodigitalmx.com\/index.php\/wp-json\/wp\/v2\/posts\/71844"}],"collection":[{"href":"https:\/\/diariodigitalmx.com\/index.php\/wp-json\/wp\/v2\/posts"}],"about":[{"href":"https:\/\/diariodigitalmx.com\/index.php\/wp-json\/wp\/v2\/types\/post"}],"author":[{"embeddable":true,"href":"https:\/\/diariodigitalmx.com\/index.php\/wp-json\/wp\/v2\/users\/1"}],"replies":[{"embeddable":true,"href":"https:\/\/diariodigitalmx.com\/index.php\/wp-json\/wp\/v2\/comments?post=71844"}],"version-history":[{"count":3,"href":"https:\/\/diariodigitalmx.com\/index.php\/wp-json\/wp\/v2\/posts\/71844\/revisions"}],"predecessor-version":[{"id":71850,"href":"https:\/\/diariodigitalmx.com\/index.php\/wp-json\/wp\/v2\/posts\/71844\/revisions\/71850"}],"wp:featuredmedia":[{"embeddable":true,"href":"https:\/\/diariodigitalmx.com\/index.php\/wp-json\/wp\/v2\/media\/71846"}],"wp:attachment":[{"href":"https:\/\/diariodigitalmx.com\/index.php\/wp-json\/wp\/v2\/media?parent=71844"}],"wp:term":[{"taxonomy":"category","embeddable":true,"href":"https:\/\/diariodigitalmx.com\/index.php\/wp-json\/wp\/v2\/categories?post=71844"},{"taxonomy":"post_tag","embeddable":true,"href":"https:\/\/diariodigitalmx.com\/index.php\/wp-json\/wp\/v2\/tags?post=71844"}],"curies":[{"name":"wp","href":"https:\/\/api.w.org\/{rel}","templated":true}]}}