{"id":71851,"date":"2022-02-24T11:03:16","date_gmt":"2022-02-24T17:03:16","guid":{"rendered":"http:\/\/diariodigitalmx.com\/?p=71851"},"modified":"2022-02-24T11:06:00","modified_gmt":"2022-02-24T17:06:00","slug":"71851","status":"publish","type":"post","link":"https:\/\/diariodigitalmx.com\/index.php\/2022\/02\/24\/71851\/","title":{"rendered":"Fuerzas rusas alcanzan zona de Chern\u00f3bil"},"content":{"rendered":"\n<p>EFE Y REDACCI\u00d3N<\/p>\n\n\n\n<p>(Cr\u00f3nica de Hoy)&nbsp;<\/p>\n\n\n\n<p>El presidente de Ucrania, Volod\u00edmir Zelenski, inform\u00f3 que las fuerzas de ocupaci\u00f3n rusas est\u00e1n tratando de apoderarse de la planta nuclear de Chern\u00f3bil .&nbsp;<\/p>\n\n\n\n<p>&#8220;Nuestros defensores est\u00e1n dando la vida para que no se repita la tragedia de 1986. Esta es una declaraci\u00f3n de guerra contra toda Europa&#8221;, se\u00f1al\u00f3 el mandatario ucraniano.<\/p>\n\n\n\n<p>Tropas rusas han invadido territorio ucraniano en la zona de exclusi\u00f3n de la central nuclear de Chern\u00f3bil, seg\u00fan inform\u00f3 hoy Ant\u00f3n Gueraschenko, asesor del Ministerio del Interior.<\/p>\n\n\n\n<p>&#8220;La Guardia Nacional, que se ocupa de garantizar la seguridad de los dep\u00f3sitos de vertidos radiactivos, est\u00e1 combatiendo con todas sus fuerzas&#8221;, escribi\u00f3 en un comunicado.<\/p>\n\n\n\n<p>El funcionario advirti\u00f3 que si los dep\u00f3sitos con restos radiactivos resultan da\u00f1ados, &#8220;el polvo nuclear puede propagarse por todo el territorio de Ucrania, Bielorrusia y los pa\u00edses de la Uni\u00f3n Europea&#8221;.<\/p>\n\n\n\n<p>La zona de exclusi\u00f3n de Chern\u00f3bil, que est\u00e1 separada de territorio bielorruso por el r\u00edo Pr\u00edpiat, que da nombre a la ciudad en la que viv\u00edan los trabajadores de la planta sovi\u00e9tica, es patrullada desde hace semanas por la guardia nacional ucraniana.<\/p>\n\n\n\n<p>El territorio de Ucrania y el de Bielorrusia fueron los m\u00e1s afectados por la nube radiactiva provocada por la mayor cat\u00e1strofe nuclear de la historia ocurrida el 26 de abril de 1986.<\/p>\n\n\n\n<p>En previsi\u00f3n de un posible ataque, el pasado viernes las autoridades ucranianas suspendieron los viajes tur\u00edsticos a la zona de Chern\u00f3bil, un destino muy popular entre los turistas extranjeros en los \u00faltimos a\u00f1os.<\/p>\n","protected":false},"excerpt":{"rendered":"<p>EFE Y REDACCI\u00d3N (Cr\u00f3nica de Hoy)&nbsp; El presidente de Ucrania, Volod\u00edmir Zelenski, inform\u00f3 que las fuerzas de ocupaci\u00f3n rusas est\u00e1n tratando de apoderarse de la planta nuclear de Chern\u00f3bil .&nbsp; &#8220;Nuestros defensores est\u00e1n dando la vida para que no se repita la tragedia de 1986. Esta es una declaraci\u00f3n de guerra contra toda Europa&#8221;, se\u00f1al\u00f3 [&hellip;]<\/p>\n","protected":false},"author":1,"featured_media":71853,"comment_status":"open","ping_status":"open","sticky":true,"template":"","format":"standard","meta":{"footnotes":""},"categories":[4,3],"tags":[],"_links":{"self":[{"href":"https:\/\/diariodigitalmx.com\/index.php\/wp-json\/wp\/v2\/posts\/71851"}],"collection":[{"href":"https:\/\/diariodigitalmx.com\/index.php\/wp-json\/wp\/v2\/posts"}],"about":[{"href":"https:\/\/diariodigitalmx.com\/index.php\/wp-json\/wp\/v2\/types\/post"}],"author":[{"embeddable":true,"href":"https:\/\/diariodigitalmx.com\/index.php\/wp-json\/wp\/v2\/users\/1"}],"replies":[{"embeddable":true,"href":"https:\/\/diariodigitalmx.com\/index.php\/wp-json\/wp\/v2\/comments?post=71851"}],"version-history":[{"count":2,"href":"https:\/\/diariodigitalmx.com\/index.php\/wp-json\/wp\/v2\/posts\/71851\/revisions"}],"predecessor-version":[{"id":71854,"href":"https:\/\/diariodigitalmx.com\/index.php\/wp-json\/wp\/v2\/posts\/71851\/revisions\/71854"}],"wp:featuredmedia":[{"embeddable":true,"href":"https:\/\/diariodigitalmx.com\/index.php\/wp-json\/wp\/v2\/media\/71853"}],"wp:attachment":[{"href":"https:\/\/diariodigitalmx.com\/index.php\/wp-json\/wp\/v2\/media?parent=71851"}],"wp:term":[{"taxonomy":"category","embeddable":true,"href":"https:\/\/diariodigitalmx.com\/index.php\/wp-json\/wp\/v2\/categories?post=71851"},{"taxonomy":"post_tag","embeddable":true,"href":"https:\/\/diariodigitalmx.com\/index.php\/wp-json\/wp\/v2\/tags?post=71851"}],"curies":[{"name":"wp","href":"https:\/\/api.w.org\/{rel}","templated":true}]}}