{"id":71865,"date":"2022-02-24T16:24:21","date_gmt":"2022-02-24T22:24:21","guid":{"rendered":"http:\/\/diariodigitalmx.com\/?p=71865"},"modified":"2022-02-24T16:27:11","modified_gmt":"2022-02-24T22:27:11","slug":"putin-trump-y-nuevo-leon","status":"publish","type":"post","link":"https:\/\/diariodigitalmx.com\/index.php\/2022\/02\/24\/putin-trump-y-nuevo-leon\/","title":{"rendered":"Putin, Trump y Nuevo Le\u00f3n"},"content":{"rendered":"\n<p>Ra\u00fal Guajardo Cant\u00fa <\/p>\n\n\n\n<p>Ante las quejas de AMLO por las declaraciones de Antony Blinken las cuales calific\u00f3 de injerencistas y las de Donald Trump quien, luego de calificar de \u201cgenio\u201d a Vladimir Putin por su estrategia al invadir Ucrania, asegur\u00f3 que EU deber\u00eda utilizarla \u201cen su frontera sur\u201d, hagamos un ejercicio de imaginaci\u00f3n con lo que ello significar\u00eda para Nuevo Le\u00f3n.<\/p>\n\n\n\n<p>Para poner un poco de contexto recordemos que el embajador Ken Salazar se ha reunido con los gobernadores de la zona fronteriza del pa\u00eds con la finalidad de impulsar las relaciones comerciales entre ambos pa\u00edses y que en Nuevo Le\u00f3n el gobernador Samuel Garc\u00eda impulsa la creaci\u00f3n de una nueva Constituci\u00f3n.<\/p>\n\n\n\n<p>As\u00ed las cosas, \u00bfqu\u00e9 pasar\u00eda si los estados fronterizos del norte de M\u00e9xico se declararan independientes y el ej\u00e9rcito de EUA ingresara al pa\u00eds para garantizar los derechos de estos?<\/p>\n\n\n\n<p>\u00bfPensar\u00eda AMLO que esa es acci\u00f3n injerencista aunque venga avalada por su amigo Donald Trump? \u00bfEntrar\u00eda en un conflicto armado con nuestros vecinos del norte?<\/p>\n\n\n\n<p>Porque no hay que descartar que en dos a\u00f1os Trump puede volver a la presidencia de EU y para entonces quiz\u00e1 se siga pareciendo \u201cuna genialidad\u201d la estrategia de nombrar al ej\u00e9rcito invasor como una \u201cfuerza de paz\u201d que solo trata de evitar una contienda entre los estados del norte y los del sur de nuestro pa\u00eds.<\/p>\n\n\n\n<p>Este es un ejercicio de imaginaci\u00f3n, pero nunca falta, \u00bfqui\u00e9n imaginaba que Putin utilizar\u00eda esa \u201cgenial\u201d estrategia que ha puesto en vilo la paz mundial?, \u00bfqui\u00e9n se imagina que Trump ser\u00e1 presidente de nuestro vecino del norte en 2024?<\/p>\n","protected":false},"excerpt":{"rendered":"<p>Ra\u00fal Guajardo Cant\u00fa Ante las quejas de AMLO por las declaraciones de Antony Blinken las cuales calific\u00f3 de injerencistas y las de Donald Trump quien, luego de calificar de \u201cgenio\u201d a Vladimir Putin por su estrategia al invadir Ucrania, asegur\u00f3 que EU deber\u00eda utilizarla \u201cen su frontera sur\u201d, hagamos un ejercicio de imaginaci\u00f3n con lo [&hellip;]<\/p>\n","protected":false},"author":1,"featured_media":71867,"comment_status":"open","ping_status":"open","sticky":true,"template":"","format":"standard","meta":{"footnotes":""},"categories":[14,12],"tags":[],"_links":{"self":[{"href":"https:\/\/diariodigitalmx.com\/index.php\/wp-json\/wp\/v2\/posts\/71865"}],"collection":[{"href":"https:\/\/diariodigitalmx.com\/index.php\/wp-json\/wp\/v2\/posts"}],"about":[{"href":"https:\/\/diariodigitalmx.com\/index.php\/wp-json\/wp\/v2\/types\/post"}],"author":[{"embeddable":true,"href":"https:\/\/diariodigitalmx.com\/index.php\/wp-json\/wp\/v2\/users\/1"}],"replies":[{"embeddable":true,"href":"https:\/\/diariodigitalmx.com\/index.php\/wp-json\/wp\/v2\/comments?post=71865"}],"version-history":[{"count":2,"href":"https:\/\/diariodigitalmx.com\/index.php\/wp-json\/wp\/v2\/posts\/71865\/revisions"}],"predecessor-version":[{"id":71868,"href":"https:\/\/diariodigitalmx.com\/index.php\/wp-json\/wp\/v2\/posts\/71865\/revisions\/71868"}],"wp:featuredmedia":[{"embeddable":true,"href":"https:\/\/diariodigitalmx.com\/index.php\/wp-json\/wp\/v2\/media\/71867"}],"wp:attachment":[{"href":"https:\/\/diariodigitalmx.com\/index.php\/wp-json\/wp\/v2\/media?parent=71865"}],"wp:term":[{"taxonomy":"category","embeddable":true,"href":"https:\/\/diariodigitalmx.com\/index.php\/wp-json\/wp\/v2\/categories?post=71865"},{"taxonomy":"post_tag","embeddable":true,"href":"https:\/\/diariodigitalmx.com\/index.php\/wp-json\/wp\/v2\/tags?post=71865"}],"curies":[{"name":"wp","href":"https:\/\/api.w.org\/{rel}","templated":true}]}}