{"id":71872,"date":"2022-02-24T18:25:01","date_gmt":"2022-02-25T00:25:01","guid":{"rendered":"http:\/\/diariodigitalmx.com\/?p=71872"},"modified":"2022-02-24T18:25:59","modified_gmt":"2022-02-25T00:25:59","slug":"el-saldo-tras-la-primera-incursion-de-rusia-en-ucrania","status":"publish","type":"post","link":"https:\/\/diariodigitalmx.com\/index.php\/2022\/02\/24\/el-saldo-tras-la-primera-incursion-de-rusia-en-ucrania\/","title":{"rendered":"El saldo tras la primera incursi\u00f3n de Rusia en Ucrania"},"content":{"rendered":"\n<p>AFP<\/p>\n\n\n\n<p>El presidente de Ucrania, Volod\u00edmir Zelenski, asegur\u00f3 que tras el primer d\u00eda de incursi\u00f3n militar rusa en el pa\u00eds perdieron la vida al menos 137 personas muertas, entre militares y civiles, y 316 resultaron heridas.<\/p>\n\n\n\n<p>&#8220;137 h\u00e9roes, nuestros ciudadanos&#8221;, perdieron la vida, afirm\u00f3 Zelenski en un video publicado en la p\u00e1gina web del gobierno, agregando que otros 316 ucranianos resultaron heridos durante los enfrentamientos.<\/p>\n\n\n\n<p>La madrugada de este jueves, el presidente Vladimir Putin anunci\u00f3 una incursi\u00f3n militar a gran escala en territorio ucraniano, en lo que calific\u00f3 como una operaci\u00f3n para pacificar y desnazificar el territorio de su vecino.<\/p>\n\n\n\n<p>Las tropas rusas se apoderaron de una bese a\u00e9rea estrat\u00e9gica cerca de Kiev, as\u00ed como de la zona de la central de Chern\u00f3bil, contaminada a\u00fan por la radiactividad del accidente nuclear de 1986, cuando Ucrania era parte de la hoy desmembrada Uni\u00f3n Sovi\u00e9tica.<\/p>\n\n\n\n<figure class=\"wp-block-image size-large\"><img loading=\"lazy\" decoding=\"async\" width=\"683\" height=\"449\" src=\"http:\/\/diariodigitalmx.com\/wp-content\/uploads\/2022\/02\/images-2-18.jpeg\" alt=\"\" class=\"wp-image-71875\" srcset=\"https:\/\/diariodigitalmx.com\/wp-content\/uploads\/2022\/02\/images-2-18.jpeg 683w, https:\/\/diariodigitalmx.com\/wp-content\/uploads\/2022\/02\/images-2-18-300x197.jpeg 300w\" sizes=\"(max-width: 683px) 100vw, 683px\" \/><\/figure>\n\n\n\n<p>El Ministerio ruso de Defensa afirm\u00f3 que todas las misiones de este primer d\u00eda de operaciones &#8220;fueron completadas con \u00e9xito&#8221;.<\/p>\n\n\n\n<p>El presidente Vladimir Putin, que desde hace semanas manten\u00eda desplegados a m\u00e1s de 150 mil militares en las fronteras con Ucrania, anunci\u00f3 el inicio de la ofensiva durante la madrugada del jueves.<\/p>\n\n\n\n<p>&#8220;He tomado la decisi\u00f3n de una operaci\u00f3n militar&#8221;, declar\u00f3 el mandatario, tres d\u00edas despu\u00e9s de reconocer la independencia de las regiones separatistas del este de Ucrania.<\/p>\n\n\n\n<p>El ej\u00e9rcito ruso asegur\u00f3 que destruy\u00f3 74 instalaciones militares, incluyendo 11 aer\u00f3dromos, y que los separatistas est\u00e1n avanzando y tomando el control de territorios.<\/p>\n\n\n\n<p>Putin, que exige que la OTAN cierre sus puertas a Ucrania, asegur\u00f3 que no buscaba la ocupaci\u00f3n de esta ex rep\u00fablica sovi\u00e9tica, sino &#8220;una desmilitarizaci\u00f3n y una desnazificaci\u00f3n&#8221; del pa\u00eds y defender a los rebeldes prorrusos.<\/p>\n","protected":false},"excerpt":{"rendered":"<p>AFP El presidente de Ucrania, Volod\u00edmir Zelenski, asegur\u00f3 que tras el primer d\u00eda de incursi\u00f3n militar rusa en el pa\u00eds perdieron la vida al menos 137 personas muertas, entre militares y civiles, y 316 resultaron heridas. &#8220;137 h\u00e9roes, nuestros ciudadanos&#8221;, perdieron la vida, afirm\u00f3 Zelenski en un video publicado en la p\u00e1gina web del gobierno, [&hellip;]<\/p>\n","protected":false},"author":1,"featured_media":71874,"comment_status":"open","ping_status":"open","sticky":true,"template":"","format":"standard","meta":{"footnotes":""},"categories":[4,3],"tags":[],"_links":{"self":[{"href":"https:\/\/diariodigitalmx.com\/index.php\/wp-json\/wp\/v2\/posts\/71872"}],"collection":[{"href":"https:\/\/diariodigitalmx.com\/index.php\/wp-json\/wp\/v2\/posts"}],"about":[{"href":"https:\/\/diariodigitalmx.com\/index.php\/wp-json\/wp\/v2\/types\/post"}],"author":[{"embeddable":true,"href":"https:\/\/diariodigitalmx.com\/index.php\/wp-json\/wp\/v2\/users\/1"}],"replies":[{"embeddable":true,"href":"https:\/\/diariodigitalmx.com\/index.php\/wp-json\/wp\/v2\/comments?post=71872"}],"version-history":[{"count":2,"href":"https:\/\/diariodigitalmx.com\/index.php\/wp-json\/wp\/v2\/posts\/71872\/revisions"}],"predecessor-version":[{"id":71876,"href":"https:\/\/diariodigitalmx.com\/index.php\/wp-json\/wp\/v2\/posts\/71872\/revisions\/71876"}],"wp:featuredmedia":[{"embeddable":true,"href":"https:\/\/diariodigitalmx.com\/index.php\/wp-json\/wp\/v2\/media\/71874"}],"wp:attachment":[{"href":"https:\/\/diariodigitalmx.com\/index.php\/wp-json\/wp\/v2\/media?parent=71872"}],"wp:term":[{"taxonomy":"category","embeddable":true,"href":"https:\/\/diariodigitalmx.com\/index.php\/wp-json\/wp\/v2\/categories?post=71872"},{"taxonomy":"post_tag","embeddable":true,"href":"https:\/\/diariodigitalmx.com\/index.php\/wp-json\/wp\/v2\/tags?post=71872"}],"curies":[{"name":"wp","href":"https:\/\/api.w.org\/{rel}","templated":true}]}}