{"id":7188,"date":"2019-07-03T16:31:55","date_gmt":"2019-07-03T21:31:55","guid":{"rendered":"http:\/\/diariodigitalmx.com\/?p=7188"},"modified":"2019-07-03T16:33:36","modified_gmt":"2019-07-03T21:33:36","slug":"van-escritores-y-activistas-sociales-con-estudiantes-de-la-umm","status":"publish","type":"post","link":"https:\/\/diariodigitalmx.com\/index.php\/2019\/07\/03\/van-escritores-y-activistas-sociales-con-estudiantes-de-la-umm\/","title":{"rendered":"Van escritores y activistas sociales con estudiantes de la UMM"},"content":{"rendered":"\n<p>*Ofrecen interesante charla<\/p>\n\n\n\n<p>Por Andr\u00e9s Vela<\/p>\n\n\n\n<p>&nbsp;Dentro del marco del 7\u00ba Circulo de Lectura\ndenominado \u201cLibros en Acci\u00f3n\u201d, que organiza la Universidad Metropolitana de\nMonterrey, j\u00f3venes de esta instituci\u00f3n pudieron escuchar y dialogar con los escritores\nClaudia Heredia y V\u00edctor Olgu\u00edn, quienes expusieron la conferencia \u201cAgentes de\ncambio\u201d.<\/p>\n\n\n\n<p>\u201cQuiero\ndecirles que la sociedad tenemos una deuda muy grande con los j\u00f3venes, en un\npa\u00eds de desiguales, los chavos se han venido rezagando en materia de oportunidades\npara estudiar y trabajar, eso debe cambiar, antes que elijan tomar otros\ncaminos\u201d, manifest\u00f3 la escritora y activista social Claudia Heredia. \u201cEn M\u00e9xico\nnecesitamos agentes de cambio, l\u00edderes comprometidos con la sociedad de su\ntiempo, hombres y mujeres dispuestos a producir cambios positivos\u201d, se\u00f1al\u00f3.<\/p>\n\n\n\n<p>Claudia\nHeredia tuvo un buen interlocutor en la persona del escritor y cineasta V\u00edctor\nOlgu\u00edn. Los escritores reconocieron que los j\u00f3venes tienen sue\u00f1os, son el\ntesoro m\u00e1s preciado y el capital m\u00e1s importante de los pa\u00edses, por ello, es una\nprioridad arroparlos, darles las oportunidades que se merecen para su\ndesarrollo f\u00edsico y mental. Los j\u00f3venes deben estar en las escuelas\nprepar\u00e1ndose y con oportunidades de empleo bien remunerado; &nbsp;asimismo, celebraron que el nuevo Gobierno\nFederal est\u00e9 abriendo oportunidades para los j\u00f3venes.<\/p>\n\n\n\n<p>La\nbienvenida al evento estuvo a cargo de Liliana Ram\u00edrez, Coordinadora de\nDifusi\u00f3n Cultural y Promoci\u00f3n de la Lectura de la Universidad Metropolitana de\nMonterrey, en lo que sin duda fue un estimulante ejercicio del pensamiento. <\/p>\n\n\n\n<p>Los\nj\u00f3venes asistentes participaron y externaron su preocupaci\u00f3n en temas como la\ninseguridad, la violencia que se vive en el pa\u00eds, as\u00ed como la crisis de valores\ny la deshumanizaci\u00f3n que padece la sociedad.<\/p>\n\n\n\n<p>Claudia\nHeredia les comparti\u00f3 su experiencia y vivencias que le llevaron a convertirse\nen activista; por su parte, el autor V\u00edctor Olgu\u00edn comparti\u00f3 el valor y\nentusiasmo por la lectura. Ambos personajes reafirmaron su convicci\u00f3n de que\ntodos podemos ser agentes de cambio.<\/p>\n\n\n\n<p>A la charla asistieron el Doctor Ulises Trevi\u00f1o Flores, Presidente de la Comisi\u00f3n Internacional de Derechos Humanos, Representaci\u00f3n en Nuevo Le\u00f3n, as\u00ed como el Doctor Felipe Quintanar Ru\u00edz, quienes reconocieron a la doctora. Claudia Heredia por su trayectoria como activista social, entreg\u00e1ndole un reconocimiento especial.<\/p>\n\n\n\n<p>Asimismo,\nla Universidad Metropolitana de Monterrey, hizo entrega de un reconocimiento a\nClaudia Heredia y V\u00edctor Olgu\u00edn Loza, quienes exhortaron a los j\u00f3venes estudiantes\na ser agentes de cambio para construir el pa\u00eds que anhelan.<\/p>\n\n\n\n<figure class=\"wp-block-image\"><img loading=\"lazy\" decoding=\"async\" width=\"1024\" height=\"683\" src=\"http:\/\/diariodigitalmx.com\/wp-content\/uploads\/2019\/07\/IMG_3086-1024x683.jpg\" alt=\"\" class=\"wp-image-7192\" srcset=\"https:\/\/diariodigitalmx.com\/wp-content\/uploads\/2019\/07\/IMG_3086-1024x683.jpg 1024w, https:\/\/diariodigitalmx.com\/wp-content\/uploads\/2019\/07\/IMG_3086-300x200.jpg 300w, https:\/\/diariodigitalmx.com\/wp-content\/uploads\/2019\/07\/IMG_3086-768x512.jpg 768w\" sizes=\"(max-width: 1024px) 100vw, 1024px\" \/><\/figure>\n","protected":false},"excerpt":{"rendered":"<p>*Ofrecen interesante charla Por Andr\u00e9s Vela &nbsp;Dentro del marco del 7\u00ba Circulo de Lectura denominado \u201cLibros en Acci\u00f3n\u201d, que organiza la Universidad Metropolitana de Monterrey, j\u00f3venes de esta instituci\u00f3n pudieron escuchar y dialogar con los escritores Claudia Heredia y V\u00edctor Olgu\u00edn, quienes expusieron la conferencia \u201cAgentes de cambio\u201d. \u201cQuiero decirles que la sociedad tenemos una [&hellip;]<\/p>\n","protected":false},"author":1,"featured_media":7190,"comment_status":"open","ping_status":"open","sticky":true,"template":"","format":"standard","meta":{"footnotes":""},"categories":[11,14],"tags":[],"_links":{"self":[{"href":"https:\/\/diariodigitalmx.com\/index.php\/wp-json\/wp\/v2\/posts\/7188"}],"collection":[{"href":"https:\/\/diariodigitalmx.com\/index.php\/wp-json\/wp\/v2\/posts"}],"about":[{"href":"https:\/\/diariodigitalmx.com\/index.php\/wp-json\/wp\/v2\/types\/post"}],"author":[{"embeddable":true,"href":"https:\/\/diariodigitalmx.com\/index.php\/wp-json\/wp\/v2\/users\/1"}],"replies":[{"embeddable":true,"href":"https:\/\/diariodigitalmx.com\/index.php\/wp-json\/wp\/v2\/comments?post=7188"}],"version-history":[{"count":3,"href":"https:\/\/diariodigitalmx.com\/index.php\/wp-json\/wp\/v2\/posts\/7188\/revisions"}],"predecessor-version":[{"id":7194,"href":"https:\/\/diariodigitalmx.com\/index.php\/wp-json\/wp\/v2\/posts\/7188\/revisions\/7194"}],"wp:featuredmedia":[{"embeddable":true,"href":"https:\/\/diariodigitalmx.com\/index.php\/wp-json\/wp\/v2\/media\/7190"}],"wp:attachment":[{"href":"https:\/\/diariodigitalmx.com\/index.php\/wp-json\/wp\/v2\/media?parent=7188"}],"wp:term":[{"taxonomy":"category","embeddable":true,"href":"https:\/\/diariodigitalmx.com\/index.php\/wp-json\/wp\/v2\/categories?post=7188"},{"taxonomy":"post_tag","embeddable":true,"href":"https:\/\/diariodigitalmx.com\/index.php\/wp-json\/wp\/v2\/tags?post=7188"}],"curies":[{"name":"wp","href":"https:\/\/api.w.org\/{rel}","templated":true}]}}