{"id":71966,"date":"2022-02-26T09:48:41","date_gmt":"2022-02-26T15:48:41","guid":{"rendered":"http:\/\/diariodigitalmx.com\/?p=71966"},"modified":"2022-02-26T09:58:38","modified_gmt":"2022-02-26T15:58:38","slug":"de-mexico-para-el-mundo-entre-la-gimnasia-y-los-viajes","status":"publish","type":"post","link":"https:\/\/diariodigitalmx.com\/index.php\/2022\/02\/26\/de-mexico-para-el-mundo-entre-la-gimnasia-y-los-viajes\/","title":{"rendered":"De M\u00e9xico para el mundo; entre la gimnasia y los viajes"},"content":{"rendered":"\n<p>Daniela Montalvo Herrera&nbsp;<\/p>\n\n\n\n<p>Una de las cosas positivas de las redes sociales es que te permiten mantenerte en contacto con mucha gente, como amiga en mis redes tengo a Aglaee Tamez, no sabia muy bien como hab\u00eda llegado ah\u00ed, pero su vida me ten\u00eda en ascuas\u2026. Viajando, trabajando, en China, Alicante, Irlanda, pens\u00e9: \u201cesta chica es imparable\u201d.<\/p>\n\n\n\n<figure class=\"wp-block-image size-large\"><img loading=\"lazy\" decoding=\"async\" width=\"409\" height=\"466\" src=\"http:\/\/diariodigitalmx.com\/wp-content\/uploads\/2022\/02\/IMG-20220226-WA0012.jpg\" alt=\"\" class=\"wp-image-71970\" srcset=\"https:\/\/diariodigitalmx.com\/wp-content\/uploads\/2022\/02\/IMG-20220226-WA0012.jpg 409w, https:\/\/diariodigitalmx.com\/wp-content\/uploads\/2022\/02\/IMG-20220226-WA0012-263x300.jpg 263w\" sizes=\"(max-width: 409px) 100vw, 409px\" \/><\/figure>\n\n\n\n<p>Por supuesto todas sus publicaciones tienen mis likes, pero cuando me puse en contacto con ella se me enchino la piel al enterarme que hab\u00eda sido mi alumna, tremendo gusto.&nbsp;<\/p>\n\n\n\n<p>En fin, Agla es un ejemplo de c\u00f3mo querer a veces si traduce en poder, por supuesto acompa\u00f1ado siempre de disciplina, coraje, pasi\u00f3n e incluso l\u00e1grimas.&nbsp;<\/p>\n\n\n\n<p>El asunto es que Agla comenz\u00f3 la Universidad sin saber muy bien el rumbo de su vida, hasta que por fin dio con la carrera de Relaciones Internacionales, la cual entre otras cosas la impulso a viajar, a querer conocer otras culturas y desarrollarse en otros \u00e1mbitos.<\/p>\n\n\n\n<figure class=\"wp-block-image size-large\"><img loading=\"lazy\" decoding=\"async\" width=\"828\" height=\"859\" src=\"http:\/\/diariodigitalmx.com\/wp-content\/uploads\/2022\/02\/IMG-20220226-WA0011.jpg\" alt=\"\" class=\"wp-image-71972\" srcset=\"https:\/\/diariodigitalmx.com\/wp-content\/uploads\/2022\/02\/IMG-20220226-WA0011.jpg 828w, https:\/\/diariodigitalmx.com\/wp-content\/uploads\/2022\/02\/IMG-20220226-WA0011-289x300.jpg 289w, https:\/\/diariodigitalmx.com\/wp-content\/uploads\/2022\/02\/IMG-20220226-WA0011-768x797.jpg 768w\" sizes=\"(max-width: 828px) 100vw, 828px\" \/><\/figure>\n\n\n\n<p>Todo esto, mientras que con mucho esfuerzo de su familia, se costeaba entrenamientos costosos de gimnasia, su verdadera pasi\u00f3n.<\/p>\n\n\n\n<figure class=\"wp-block-image size-large\"><img loading=\"lazy\" decoding=\"async\" width=\"719\" height=\"719\" src=\"http:\/\/diariodigitalmx.com\/wp-content\/uploads\/2022\/02\/IMG-20220226-WA0010.jpg\" alt=\"\" class=\"wp-image-71974\" srcset=\"https:\/\/diariodigitalmx.com\/wp-content\/uploads\/2022\/02\/IMG-20220226-WA0010.jpg 719w, https:\/\/diariodigitalmx.com\/wp-content\/uploads\/2022\/02\/IMG-20220226-WA0010-300x300.jpg 300w, https:\/\/diariodigitalmx.com\/wp-content\/uploads\/2022\/02\/IMG-20220226-WA0010-150x150.jpg 150w\" sizes=\"(max-width: 719px) 100vw, 719px\" \/><\/figure>\n\n\n\n<p>Al terminar la carrera y coincidiendo con su coraz\u00f3n roto, emprendi\u00f3 un viaje que la llevar\u00eda a auto descubrirse, a conocer m\u00e1s all\u00e1 de la comodidad de casa, ser subi\u00f3 a un avi\u00f3n y se fue a trabajar y estudiar a Irlanda.<\/p>\n\n\n\n<figure class=\"wp-block-image size-large\"><img loading=\"lazy\" decoding=\"async\" width=\"828\" height=\"944\" src=\"http:\/\/diariodigitalmx.com\/wp-content\/uploads\/2022\/02\/IMG-20220226-WA0009.jpg\" alt=\"\" class=\"wp-image-71976\" srcset=\"https:\/\/diariodigitalmx.com\/wp-content\/uploads\/2022\/02\/IMG-20220226-WA0009.jpg 828w, https:\/\/diariodigitalmx.com\/wp-content\/uploads\/2022\/02\/IMG-20220226-WA0009-263x300.jpg 263w, https:\/\/diariodigitalmx.com\/wp-content\/uploads\/2022\/02\/IMG-20220226-WA0009-768x876.jpg 768w\" sizes=\"(max-width: 828px) 100vw, 828px\" \/><\/figure>\n\n\n\n<p>Irlanda<\/p>\n\n\n\n<p>Mientras estudiaba para mejorar su ingles, estuvo trabajando en Dubl\u00edn con el equipo Excel Gymnastics, lo cual le resulto toda una aventura, Agla recuerda que su momento m\u00e1s feliz ah\u00ed fue la celebraci\u00f3n de San Patricio, en donde adem\u00e1s de vestir de verde, vivi\u00f3 la fiesta a su m\u00e1xima expresi\u00f3n, rodeada de los amigos que hab\u00eda hecho ah\u00ed.<\/p>\n\n\n\n<figure class=\"wp-block-image size-large\"><img loading=\"lazy\" decoding=\"async\" width=\"828\" height=\"506\" src=\"http:\/\/diariodigitalmx.com\/wp-content\/uploads\/2022\/02\/IMG-20220226-WA0008.jpg\" alt=\"\" class=\"wp-image-71979\" srcset=\"https:\/\/diariodigitalmx.com\/wp-content\/uploads\/2022\/02\/IMG-20220226-WA0008.jpg 828w, https:\/\/diariodigitalmx.com\/wp-content\/uploads\/2022\/02\/IMG-20220226-WA0008-300x183.jpg 300w, https:\/\/diariodigitalmx.com\/wp-content\/uploads\/2022\/02\/IMG-20220226-WA0008-768x469.jpg 768w\" sizes=\"(max-width: 828px) 100vw, 828px\" \/><\/figure>\n\n\n\n<p>Alicante<\/p>\n\n\n\n<p>La segunda parada internacional fue Alicante, Espa\u00f1a, en donde adem\u00e1s de conocer gente fant\u00e1stica, tuvo la oportunidad de trabajar en el Colegio San Vicente.<\/p>\n\n\n\n<figure class=\"wp-block-image size-large\"><img loading=\"lazy\" decoding=\"async\" width=\"828\" height=\"930\" src=\"http:\/\/diariodigitalmx.com\/wp-content\/uploads\/2022\/02\/IMG-20220226-WA0007.jpg\" alt=\"\" class=\"wp-image-71981\" srcset=\"https:\/\/diariodigitalmx.com\/wp-content\/uploads\/2022\/02\/IMG-20220226-WA0007.jpg 828w, https:\/\/diariodigitalmx.com\/wp-content\/uploads\/2022\/02\/IMG-20220226-WA0007-267x300.jpg 267w, https:\/\/diariodigitalmx.com\/wp-content\/uploads\/2022\/02\/IMG-20220226-WA0007-768x863.jpg 768w\" sizes=\"(max-width: 828px) 100vw, 828px\" \/><\/figure>\n\n\n\n<figure class=\"wp-block-image size-large\"><img loading=\"lazy\" decoding=\"async\" width=\"818\" height=\"1024\" src=\"http:\/\/diariodigitalmx.com\/wp-content\/uploads\/2022\/02\/IMG-20220226-WA0006-818x1024.jpg\" alt=\"\" class=\"wp-image-71997\" srcset=\"https:\/\/diariodigitalmx.com\/wp-content\/uploads\/2022\/02\/IMG-20220226-WA0006-818x1024.jpg 818w, https:\/\/diariodigitalmx.com\/wp-content\/uploads\/2022\/02\/IMG-20220226-WA0006-240x300.jpg 240w, https:\/\/diariodigitalmx.com\/wp-content\/uploads\/2022\/02\/IMG-20220226-WA0006-768x961.jpg 768w, https:\/\/diariodigitalmx.com\/wp-content\/uploads\/2022\/02\/IMG-20220226-WA0006.jpg 828w\" sizes=\"(max-width: 818px) 100vw, 818px\" \/><\/figure>\n\n\n\n<p>China<\/p>\n\n\n\n<p>Durante la pandemia, Agla estuvo viviendo en Beijing, China, y nos cuenta la verdadera odisea de la pandemia viviendo en el pa\u00eds en todo surgi\u00f3, comenzando por el irrestricto respeto a la cuarentena, NADIE sali\u00f3 de casa.<\/p>\n\n\n\n<figure class=\"wp-block-gallery columns-2 is-cropped wp-block-gallery-1 is-layout-flex wp-block-gallery-is-layout-flex\"><ul class=\"blocks-gallery-grid\"><li class=\"blocks-gallery-item\"><figure><img loading=\"lazy\" decoding=\"async\" width=\"828\" height=\"628\" src=\"http:\/\/diariodigitalmx.com\/wp-content\/uploads\/2022\/02\/IMG-20220226-WA0005.jpg\" alt=\"\" data-id=\"71984\" data-full-url=\"http:\/\/diariodigitalmx.com\/wp-content\/uploads\/2022\/02\/IMG-20220226-WA0005.jpg\" data-link=\"http:\/\/diariodigitalmx.com\/index.php\/2022\/02\/26\/de-mexico-para-el-mundo-entre-la-gimnasia-y-los-viajes\/img-20220226-wa0005\/\" class=\"wp-image-71984\" srcset=\"https:\/\/diariodigitalmx.com\/wp-content\/uploads\/2022\/02\/IMG-20220226-WA0005.jpg 828w, https:\/\/diariodigitalmx.com\/wp-content\/uploads\/2022\/02\/IMG-20220226-WA0005-300x228.jpg 300w, https:\/\/diariodigitalmx.com\/wp-content\/uploads\/2022\/02\/IMG-20220226-WA0005-768x582.jpg 768w\" sizes=\"(max-width: 828px) 100vw, 828px\" \/><\/figure><\/li><li class=\"blocks-gallery-item\"><figure><img loading=\"lazy\" decoding=\"async\" width=\"819\" height=\"1024\" src=\"http:\/\/diariodigitalmx.com\/wp-content\/uploads\/2022\/02\/IMG-20220226-WA0004-819x1024.jpg\" alt=\"\" data-id=\"71985\" data-full-url=\"http:\/\/diariodigitalmx.com\/wp-content\/uploads\/2022\/02\/IMG-20220226-WA0004.jpg\" data-link=\"http:\/\/diariodigitalmx.com\/index.php\/2022\/02\/26\/de-mexico-para-el-mundo-entre-la-gimnasia-y-los-viajes\/img-20220226-wa0004\/\" class=\"wp-image-71985\" srcset=\"https:\/\/diariodigitalmx.com\/wp-content\/uploads\/2022\/02\/IMG-20220226-WA0004-819x1024.jpg 819w, https:\/\/diariodigitalmx.com\/wp-content\/uploads\/2022\/02\/IMG-20220226-WA0004-240x300.jpg 240w, https:\/\/diariodigitalmx.com\/wp-content\/uploads\/2022\/02\/IMG-20220226-WA0004-768x960.jpg 768w, https:\/\/diariodigitalmx.com\/wp-content\/uploads\/2022\/02\/IMG-20220226-WA0004.jpg 828w\" sizes=\"(max-width: 819px) 100vw, 819px\" \/><\/figure><\/li><\/ul><\/figure>\n\n\n\n<p>Esto para Agla fue dif\u00edcil, adem\u00e1s de estar acostumbrada al calor del hogar, tuvo que enfrentarlo con una pierna quebrada, pues resulta que en un entrenamiento tuvo un accidente que la dejo en muletas, afortunadamente ella es bastante fuerte y no s\u00f3lo no se regreso a M\u00e9xico, sino que desde su departamento en Beijing continuo dando clases online.<\/p>\n\n\n\n<figure class=\"wp-block-gallery columns-2 is-cropped wp-block-gallery-2 is-layout-flex wp-block-gallery-is-layout-flex\"><ul class=\"blocks-gallery-grid\"><li class=\"blocks-gallery-item\"><figure><img loading=\"lazy\" decoding=\"async\" width=\"512\" height=\"441\" src=\"http:\/\/diariodigitalmx.com\/wp-content\/uploads\/2022\/02\/IMG-20220226-WA0003.jpg\" alt=\"\" data-id=\"71990\" data-full-url=\"http:\/\/diariodigitalmx.com\/wp-content\/uploads\/2022\/02\/IMG-20220226-WA0003.jpg\" data-link=\"http:\/\/diariodigitalmx.com\/index.php\/2022\/02\/26\/de-mexico-para-el-mundo-entre-la-gimnasia-y-los-viajes\/img-20220226-wa0003\/\" class=\"wp-image-71990\" srcset=\"https:\/\/diariodigitalmx.com\/wp-content\/uploads\/2022\/02\/IMG-20220226-WA0003.jpg 512w, https:\/\/diariodigitalmx.com\/wp-content\/uploads\/2022\/02\/IMG-20220226-WA0003-300x258.jpg 300w\" sizes=\"(max-width: 512px) 100vw, 512px\" \/><\/figure><\/li><li class=\"blocks-gallery-item\"><figure><img loading=\"lazy\" decoding=\"async\" width=\"239\" height=\"175\" src=\"http:\/\/diariodigitalmx.com\/wp-content\/uploads\/2022\/02\/IMG-20220226-WA0002-1.jpg\" alt=\"\" data-id=\"71991\" data-full-url=\"http:\/\/diariodigitalmx.com\/wp-content\/uploads\/2022\/02\/IMG-20220226-WA0002-1.jpg\" data-link=\"http:\/\/diariodigitalmx.com\/index.php\/2022\/02\/26\/de-mexico-para-el-mundo-entre-la-gimnasia-y-los-viajes\/img-20220226-wa0002-1\/\" class=\"wp-image-71991\"\/><\/figure><\/li><\/ul><\/figure>\n\n\n\n<p>Muchas cosas me platico Agla y por supuesto que hubo asuntos del coraz\u00f3n muy interesantes por cierto, pero lo que m\u00e1s me ha impactado es como define \u00e9xito: \u201ctrabajar en lo que me gusta, estar tranquila y disfrutar de todo lo que hago\u201d.&nbsp;<\/p>\n\n\n\n<p>As\u00ed, M\u00e9xico es cuna de hombres y mujeres que contra todo pronostico, toman la vida y tienen el valor de vivirla, en otros pa\u00edses, con otras culturas, en plena pandemia, poniendo en alto a M\u00e9xico.<\/p>\n\n\n\n<figure class=\"wp-block-image size-large\"><img loading=\"lazy\" decoding=\"async\" width=\"267\" height=\"503\" src=\"http:\/\/diariodigitalmx.com\/wp-content\/uploads\/2022\/02\/IMG-20220226-WA0001.jpg\" alt=\"\" class=\"wp-image-71994\" srcset=\"https:\/\/diariodigitalmx.com\/wp-content\/uploads\/2022\/02\/IMG-20220226-WA0001.jpg 267w, https:\/\/diariodigitalmx.com\/wp-content\/uploads\/2022\/02\/IMG-20220226-WA0001-159x300.jpg 159w\" sizes=\"(max-width: 267px) 100vw, 267px\" \/><\/figure>\n\n\n\n<p>Agla un ejemplo de que si es posible perseguir lo sue\u00f1os.&nbsp;<\/p>\n\n\n\n<p>Un pa\u00eds tan diverso y multicultural como M\u00e9xico, para una vida resulta sin fin.<\/p>\n\n\n\n<p>Vis\u00edtanos en M\u00e9xico Sin Fin en Facebook:&nbsp; <a href=\"https:\/\/www.facebook.com\/mexxicosinfin\">https:\/\/www.facebook.com\/mexxicosinfin<\/a><\/p>\n\n\n\n<p>WhatsApp: 8111706390<\/p>\n","protected":false},"excerpt":{"rendered":"<p>Daniela Montalvo Herrera&nbsp; Una de las cosas positivas de las redes sociales es que te permiten mantenerte en contacto con mucha gente, como amiga en mis redes tengo a Aglaee Tamez, no sabia muy bien como hab\u00eda llegado ah\u00ed, pero su vida me ten\u00eda en ascuas\u2026. Viajando, trabajando, en China, Alicante, Irlanda, pens\u00e9: \u201cesta chica [&hellip;]<\/p>\n","protected":false},"author":1,"featured_media":71968,"comment_status":"open","ping_status":"open","sticky":true,"template":"","format":"standard","meta":{"footnotes":""},"categories":[3,17],"tags":[],"_links":{"self":[{"href":"https:\/\/diariodigitalmx.com\/index.php\/wp-json\/wp\/v2\/posts\/71966"}],"collection":[{"href":"https:\/\/diariodigitalmx.com\/index.php\/wp-json\/wp\/v2\/posts"}],"about":[{"href":"https:\/\/diariodigitalmx.com\/index.php\/wp-json\/wp\/v2\/types\/post"}],"author":[{"embeddable":true,"href":"https:\/\/diariodigitalmx.com\/index.php\/wp-json\/wp\/v2\/users\/1"}],"replies":[{"embeddable":true,"href":"https:\/\/diariodigitalmx.com\/index.php\/wp-json\/wp\/v2\/comments?post=71966"}],"version-history":[{"count":13,"href":"https:\/\/diariodigitalmx.com\/index.php\/wp-json\/wp\/v2\/posts\/71966\/revisions"}],"predecessor-version":[{"id":71998,"href":"https:\/\/diariodigitalmx.com\/index.php\/wp-json\/wp\/v2\/posts\/71966\/revisions\/71998"}],"wp:featuredmedia":[{"embeddable":true,"href":"https:\/\/diariodigitalmx.com\/index.php\/wp-json\/wp\/v2\/media\/71968"}],"wp:attachment":[{"href":"https:\/\/diariodigitalmx.com\/index.php\/wp-json\/wp\/v2\/media?parent=71966"}],"wp:term":[{"taxonomy":"category","embeddable":true,"href":"https:\/\/diariodigitalmx.com\/index.php\/wp-json\/wp\/v2\/categories?post=71966"},{"taxonomy":"post_tag","embeddable":true,"href":"https:\/\/diariodigitalmx.com\/index.php\/wp-json\/wp\/v2\/tags?post=71966"}],"curies":[{"name":"wp","href":"https:\/\/api.w.org\/{rel}","templated":true}]}}