{"id":7199,"date":"2019-07-03T17:10:51","date_gmt":"2019-07-03T22:10:51","guid":{"rendered":"http:\/\/diariodigitalmx.com\/?p=7199"},"modified":"2019-07-03T17:11:37","modified_gmt":"2019-07-03T22:11:37","slug":"exponen-artistas-obra-que-analiza-el-tiempo-y-el-espacio","status":"publish","type":"post","link":"https:\/\/diariodigitalmx.com\/index.php\/2019\/07\/03\/exponen-artistas-obra-que-analiza-el-tiempo-y-el-espacio\/","title":{"rendered":"Exponen artistas, obra que analiza el tiempo y el espacio"},"content":{"rendered":"\n<p>Por Andr\u00e9s Vela<\/p>\n\n\n\n<figure class=\"wp-block-image\"><img loading=\"lazy\" decoding=\"async\" width=\"1024\" height=\"683\" src=\"http:\/\/diariodigitalmx.com\/wp-content\/uploads\/2019\/07\/RDP-Confluencias-6-1024x683.jpg\" alt=\"\" class=\"wp-image-7202\" srcset=\"https:\/\/diariodigitalmx.com\/wp-content\/uploads\/2019\/07\/RDP-Confluencias-6-1024x683.jpg 1024w, https:\/\/diariodigitalmx.com\/wp-content\/uploads\/2019\/07\/RDP-Confluencias-6-300x200.jpg 300w, https:\/\/diariodigitalmx.com\/wp-content\/uploads\/2019\/07\/RDP-Confluencias-6-768x512.jpg 768w\" sizes=\"(max-width: 1024px) 100vw, 1024px\" \/><\/figure>\n\n\n\n<p>Una relectura del espacio del Museo y de los espacios p\u00fablicos en general, es lo que la exposici\u00f3n <em>Confluencias III<\/em> ofrecer\u00e1 al espectador que asista a la Casa de la Cultura. <\/p>\n\n\n\n<p>La exposici\u00f3n se inaugurar\u00e1 el d\u00eda de ma\u00f1ana jueves 4 de\nJulio a las 19:30 hrs. En el recinto mencionado. En rueda de prensa, la\ndirectora de la Casa de la Cultura, la maestra Eva Trujillo, se congratul\u00f3 de\nla continuidad de este formato de exposici\u00f3n, que permite reunir diferentes\nobras bajo una curadur\u00eda, dando as\u00ed a conocer la diversidad de artistas\nlocales, tanto con trayectoria como emergentes. <\/p>\n\n\n\n<p>En est\u00e1 ocasi\u00f3n, la obra lleva como t\u00edtulo <em>El contexto que me configura<\/em>, pues la\ncuradora Abril Zales ha encontrado un punto de encuentro entre los artistas Cristina\nMart\u00ednez, Ismael Merla y Alejandro Zertuche, quienes conforman esta tercera\nedici\u00f3n de <em>Confluencias<\/em>; este punto\nde encuentro tiene que ver con el cuerpo, pero bajo las circunstancias de\ntiempo y espacio. <\/p>\n\n\n\n<p>El contexto como experiencia visual, pl\u00e1stica, para el\nespectador es la premisa de esta joven curadora que ha estado girando\ncr\u00edticamente en torno al t\u00f3pico \u201ccontexto\u201d. As\u00ed, ha logrado relacionar bajo una\nnarrativa propia la diversidad de t\u00e9cnicas y preocupaciones que significan los\ntres artistas citados, esquivando la dispersi\u00f3n bajo la unidad de su\nmirada.&nbsp; <\/p>\n\n\n\n<p>La obra de Cristina Mart\u00ednez, Ismael Merla y Alejandro\nZertuche podr\u00e1 ser apreciada por los regiomontanos hasta el 1 de septiembre,\ngracias a la iniciativa que el Consejo para la Cultura y las Artes ha tenido\npor mantener y continuar la serie <em>Confluencias.<\/em>&nbsp; <\/p>\n\n\n\n<p>El espectador tropezar\u00e1 con una serie de piezas que lo\ncuestionar\u00e1n sobre la importancia del tiempo, del espacio, la relevancia de\nestos dos y la posible confusi\u00f3n con que nos acercamos a ellos.&nbsp; Exposici\u00f3n diversa que abarca la pintura, la\ninstalaci\u00f3n, la arquitectura y la danza, abarcando materiales que van de\ndesperdicios recogidos en la calle, hasta el total vac\u00edo. Lo que importa es el\ndi\u00e1logo del espectador con la obra. <\/p>\n","protected":false},"excerpt":{"rendered":"<p>Por Andr\u00e9s Vela Una relectura del espacio del Museo y de los espacios p\u00fablicos en general, es lo que la exposici\u00f3n Confluencias III ofrecer\u00e1 al espectador que asista a la Casa de la Cultura. La exposici\u00f3n se inaugurar\u00e1 el d\u00eda de ma\u00f1ana jueves 4 de Julio a las 19:30 hrs. En el recinto mencionado. En [&hellip;]<\/p>\n","protected":false},"author":1,"featured_media":7201,"comment_status":"open","ping_status":"open","sticky":true,"template":"","format":"standard","meta":{"footnotes":""},"categories":[11],"tags":[],"_links":{"self":[{"href":"https:\/\/diariodigitalmx.com\/index.php\/wp-json\/wp\/v2\/posts\/7199"}],"collection":[{"href":"https:\/\/diariodigitalmx.com\/index.php\/wp-json\/wp\/v2\/posts"}],"about":[{"href":"https:\/\/diariodigitalmx.com\/index.php\/wp-json\/wp\/v2\/types\/post"}],"author":[{"embeddable":true,"href":"https:\/\/diariodigitalmx.com\/index.php\/wp-json\/wp\/v2\/users\/1"}],"replies":[{"embeddable":true,"href":"https:\/\/diariodigitalmx.com\/index.php\/wp-json\/wp\/v2\/comments?post=7199"}],"version-history":[{"count":2,"href":"https:\/\/diariodigitalmx.com\/index.php\/wp-json\/wp\/v2\/posts\/7199\/revisions"}],"predecessor-version":[{"id":7204,"href":"https:\/\/diariodigitalmx.com\/index.php\/wp-json\/wp\/v2\/posts\/7199\/revisions\/7204"}],"wp:featuredmedia":[{"embeddable":true,"href":"https:\/\/diariodigitalmx.com\/index.php\/wp-json\/wp\/v2\/media\/7201"}],"wp:attachment":[{"href":"https:\/\/diariodigitalmx.com\/index.php\/wp-json\/wp\/v2\/media?parent=7199"}],"wp:term":[{"taxonomy":"category","embeddable":true,"href":"https:\/\/diariodigitalmx.com\/index.php\/wp-json\/wp\/v2\/categories?post=7199"},{"taxonomy":"post_tag","embeddable":true,"href":"https:\/\/diariodigitalmx.com\/index.php\/wp-json\/wp\/v2\/tags?post=7199"}],"curies":[{"name":"wp","href":"https:\/\/api.w.org\/{rel}","templated":true}]}}