{"id":72021,"date":"2022-02-26T19:47:47","date_gmt":"2022-02-27T01:47:47","guid":{"rendered":"http:\/\/diariodigitalmx.com\/?p=72021"},"modified":"2022-02-26T19:48:29","modified_gmt":"2022-02-27T01:48:29","slug":"lanza-cee-video-capsulas-de-politica-para-la-ninez","status":"publish","type":"post","link":"https:\/\/diariodigitalmx.com\/index.php\/2022\/02\/26\/lanza-cee-video-capsulas-de-politica-para-la-ninez\/","title":{"rendered":"Lanza CEE video c\u00e1psulas de Pol\u00edtica para la Ni\u00f1ez"},"content":{"rendered":"\n<p>Monterrey &#8211; A trav\u00e9s de video c\u00e1psulas con contenido pol\u00edtico explicado con lenguaje sencillo y claro, la Comisi\u00f3n Estatal Electoral lanz\u00f3 una serie de siete cap\u00edtulos denominada Pol\u00edtica para la Ni\u00f1ez, con la que busca acercarse al p\u00fablico infantil y continuar con el compromiso y la tarea de capacitaci\u00f3n electoral que tiene con las y los ni\u00f1os, ahora tambi\u00e9n de forma virtual.<\/p>\n\n\n\n<p>La serie de videos o cap\u00edtulos para conocer y comprender nuestra forma de gobierno, est\u00e1n dirigidos espec\u00edficamente al p\u00fablico de entre 8 y 12 a\u00f1os, y se publicar\u00e1n de manera semanal a trav\u00e9s de las redes sociales de la CEE: ceenlmx en YouTube, Facebook, y Twitter, as\u00ed como en la p\u00e1gina web: <a href=\"http:\/\/www.ceenl.mx\">www.ceenl.mx<\/a>.<\/p>\n\n\n\n<p>Este 24 de febrero se lanz\u00f3 la primera video c\u00e1psula, en la que se explica la divisi\u00f3n del mundo en pa\u00edses, lo que significa la pol\u00edtica, as\u00ed como la introducci\u00f3n a los temas que se ver\u00e1n en los siguientes 7 cap\u00edtulos, con los que se conocer\u00e1 la forma de hacer pol\u00edtica en M\u00e9xico.<\/p>\n\n\n\n<p>El cap\u00edtulo 1, que se lanzar\u00e1 el pr\u00f3ximo 3 de marzo, explicar\u00e1 por qu\u00e9 M\u00e9xico es una Rep\u00fablica Democr\u00e1tica y qu\u00e9 significa la democracia. Mientras que el video 2, que se emitir\u00e1 el 10 de marzo, hablar\u00e1 de la importancia de tener una Constituci\u00f3n.<\/p>\n\n\n\n<p>El pr\u00f3ximo 17 de marzo, en el cap\u00edtulo 3, se mostrar\u00e1 la divisi\u00f3n de poderes en ejecutivo, legislativo y judicial. Y en el cap\u00edtulo 4, se comprender\u00e1 qu\u00e9 es el poder legislativo, el 24 de marzo.<\/p>\n\n\n\n<p>C\u00f3mo se forman y para qu\u00e9 sirven los partidos pol\u00edticos, se ver\u00e1 en el video 5, que se lanzar\u00e1 el 31 de marzo. Enseguida, el cap\u00edtulo 6, el pr\u00f3ximo 7 de abril, expondr\u00e1 las campa\u00f1as electorales, y qui\u00e9n se postula y qui\u00e9n gana.<\/p>\n\n\n\n<p>Si quieres conocer c\u00f3mo se hace una elecci\u00f3n, qui\u00e9nes la organizan y qui\u00e9nes tienen derecho a votar, no te pierdas el cap\u00edtulo 7 de esta serie, el pr\u00f3ximo 14 de abril.<\/p>\n","protected":false},"excerpt":{"rendered":"<p>Monterrey &#8211; A trav\u00e9s de video c\u00e1psulas con contenido pol\u00edtico explicado con lenguaje sencillo y claro, la Comisi\u00f3n Estatal Electoral lanz\u00f3 una serie de siete cap\u00edtulos denominada Pol\u00edtica para la Ni\u00f1ez, con la que busca acercarse al p\u00fablico infantil y continuar con el compromiso y la tarea de capacitaci\u00f3n electoral que tiene con las y [&hellip;]<\/p>\n","protected":false},"author":1,"featured_media":72023,"comment_status":"open","ping_status":"open","sticky":true,"template":"","format":"standard","meta":{"footnotes":""},"categories":[6,5],"tags":[],"_links":{"self":[{"href":"https:\/\/diariodigitalmx.com\/index.php\/wp-json\/wp\/v2\/posts\/72021"}],"collection":[{"href":"https:\/\/diariodigitalmx.com\/index.php\/wp-json\/wp\/v2\/posts"}],"about":[{"href":"https:\/\/diariodigitalmx.com\/index.php\/wp-json\/wp\/v2\/types\/post"}],"author":[{"embeddable":true,"href":"https:\/\/diariodigitalmx.com\/index.php\/wp-json\/wp\/v2\/users\/1"}],"replies":[{"embeddable":true,"href":"https:\/\/diariodigitalmx.com\/index.php\/wp-json\/wp\/v2\/comments?post=72021"}],"version-history":[{"count":1,"href":"https:\/\/diariodigitalmx.com\/index.php\/wp-json\/wp\/v2\/posts\/72021\/revisions"}],"predecessor-version":[{"id":72022,"href":"https:\/\/diariodigitalmx.com\/index.php\/wp-json\/wp\/v2\/posts\/72021\/revisions\/72022"}],"wp:featuredmedia":[{"embeddable":true,"href":"https:\/\/diariodigitalmx.com\/index.php\/wp-json\/wp\/v2\/media\/72023"}],"wp:attachment":[{"href":"https:\/\/diariodigitalmx.com\/index.php\/wp-json\/wp\/v2\/media?parent=72021"}],"wp:term":[{"taxonomy":"category","embeddable":true,"href":"https:\/\/diariodigitalmx.com\/index.php\/wp-json\/wp\/v2\/categories?post=72021"},{"taxonomy":"post_tag","embeddable":true,"href":"https:\/\/diariodigitalmx.com\/index.php\/wp-json\/wp\/v2\/tags?post=72021"}],"curies":[{"name":"wp","href":"https:\/\/api.w.org\/{rel}","templated":true}]}}