{"id":72034,"date":"2022-02-26T20:14:19","date_gmt":"2022-02-27T02:14:19","guid":{"rendered":"http:\/\/diariodigitalmx.com\/?p=72034"},"modified":"2022-02-26T20:14:41","modified_gmt":"2022-02-27T02:14:41","slug":"toque-de-queda-en-kiev","status":"publish","type":"post","link":"https:\/\/diariodigitalmx.com\/index.php\/2022\/02\/26\/toque-de-queda-en-kiev\/","title":{"rendered":"Toque de queda en Kiev"},"content":{"rendered":"\n<p><strong>AFP<\/strong><\/p>\n\n\n\n<p>La alcald\u00eda de Kiev anunci\u00f3 este s\u00e1bado un toque de queda hasta el lunes a las 08:00 horas, en momentos en que Ucrania intenta resistir a una invasi\u00f3n militar rusa con combates en el centro de la capital.<\/p>\n\n\n\n<p>&#8220;El toque de queda en Kiev comenzar\u00e1 el s\u00e1bado a las 17:00 horas hasta el lunes a las 08:00 horas&#8221;, declar\u00f3 la alcald\u00eda en un comunicado, en el que agrega que todas las personas que se encuentren en la calle durante ese periodo &#8220;ser\u00e1n consideradas como miembros de grupos saboteadores enemigos&#8221;.<\/p>\n","protected":false},"excerpt":{"rendered":"<p>AFP La alcald\u00eda de Kiev anunci\u00f3 este s\u00e1bado un toque de queda hasta el lunes a las 08:00 horas, en momentos en que Ucrania intenta resistir a una invasi\u00f3n militar rusa con combates en el centro de la capital. &#8220;El toque de queda en Kiev comenzar\u00e1 el s\u00e1bado a las 17:00 horas hasta el lunes [&hellip;]<\/p>\n","protected":false},"author":1,"featured_media":72036,"comment_status":"open","ping_status":"open","sticky":true,"template":"","format":"standard","meta":{"footnotes":""},"categories":[14,4],"tags":[],"_links":{"self":[{"href":"https:\/\/diariodigitalmx.com\/index.php\/wp-json\/wp\/v2\/posts\/72034"}],"collection":[{"href":"https:\/\/diariodigitalmx.com\/index.php\/wp-json\/wp\/v2\/posts"}],"about":[{"href":"https:\/\/diariodigitalmx.com\/index.php\/wp-json\/wp\/v2\/types\/post"}],"author":[{"embeddable":true,"href":"https:\/\/diariodigitalmx.com\/index.php\/wp-json\/wp\/v2\/users\/1"}],"replies":[{"embeddable":true,"href":"https:\/\/diariodigitalmx.com\/index.php\/wp-json\/wp\/v2\/comments?post=72034"}],"version-history":[{"count":1,"href":"https:\/\/diariodigitalmx.com\/index.php\/wp-json\/wp\/v2\/posts\/72034\/revisions"}],"predecessor-version":[{"id":72035,"href":"https:\/\/diariodigitalmx.com\/index.php\/wp-json\/wp\/v2\/posts\/72034\/revisions\/72035"}],"wp:featuredmedia":[{"embeddable":true,"href":"https:\/\/diariodigitalmx.com\/index.php\/wp-json\/wp\/v2\/media\/72036"}],"wp:attachment":[{"href":"https:\/\/diariodigitalmx.com\/index.php\/wp-json\/wp\/v2\/media?parent=72034"}],"wp:term":[{"taxonomy":"category","embeddable":true,"href":"https:\/\/diariodigitalmx.com\/index.php\/wp-json\/wp\/v2\/categories?post=72034"},{"taxonomy":"post_tag","embeddable":true,"href":"https:\/\/diariodigitalmx.com\/index.php\/wp-json\/wp\/v2\/tags?post=72034"}],"curies":[{"name":"wp","href":"https:\/\/api.w.org\/{rel}","templated":true}]}}