{"id":72069,"date":"2022-02-27T13:09:52","date_gmt":"2022-02-27T19:09:52","guid":{"rendered":"http:\/\/diariodigitalmx.com\/?p=72069"},"modified":"2022-02-27T13:10:22","modified_gmt":"2022-02-27T19:10:22","slug":"a-salir-se-acabo-la-cuarta-ola-abren-aforos-al-100","status":"publish","type":"post","link":"https:\/\/diariodigitalmx.com\/index.php\/2022\/02\/27\/a-salir-se-acabo-la-cuarta-ola-abren-aforos-al-100\/","title":{"rendered":"A salir, se acab\u00f3 la cuarta ola; abren aforos al 100 %"},"content":{"rendered":"\n<p>Monterrey &#8211;&nbsp; Nuevo Le\u00f3n dio por terminada la cuarta ola de Covid y autoriz\u00f3 abrir al 100 por ciento los aforos en todos los giros.&nbsp;<\/p>\n\n\n\n<p>El Sem\u00e1foro Epidemiol\u00f3gico registr\u00f3 seis indicadores en verde, dos en rojo y dos en amarillo, por lo que de est\u00e1 muy cerca del verde, coment\u00f3 la Secretar\u00eda de Salud estatal, Alma Rosa Marroqu\u00edn.&nbsp;<\/p>\n\n\n\n<p>La apertura al 100 por ciento entra en vigor a partir del lunes 28 de febrero, pues ya hay condiciones para ello.&nbsp;<\/p>\n\n\n\n<p>La funcionaria dio por terminada la cuarta ola de Covid porque las estad\u00edsticas arrojan muy buenos resultados.&nbsp;<\/p>\n\n\n\n<p>De esta manera, contagios como hospitalizaciones volvieron a niveles similares a diciembre del 2021, por lo que se dio por terminada esta ola.&nbsp;<\/p>\n\n\n\n<p>Con corte al s\u00e1bado, se registraron 295 nuevos contagios, con un 13 por ciento de ocupaci\u00f3n hospitalaria, 293 personas hospitalizadas, de los cuales 68 est\u00e1n intubados y 19 fallecimientos.<\/p>\n\n\n\n<p>Adem\u00e1s, el 84 por ciento de los neoloneses cuentan ya con la segunda dosis de vacuna.&nbsp;<\/p>\n\n\n\n<p>Desde el inicio de la pandemia es la primera ocasi\u00f3n en dos a\u00f1os en que los aforos se abren al 100 por ciento&nbsp;<\/p>\n","protected":false},"excerpt":{"rendered":"<p>Monterrey &#8211;&nbsp; Nuevo Le\u00f3n dio por terminada la cuarta ola de Covid y autoriz\u00f3 abrir al 100 por ciento los aforos en todos los giros.&nbsp; El Sem\u00e1foro Epidemiol\u00f3gico registr\u00f3 seis indicadores en verde, dos en rojo y dos en amarillo, por lo que de est\u00e1 muy cerca del verde, coment\u00f3 la Secretar\u00eda de Salud estatal, [&hellip;]<\/p>\n","protected":false},"author":1,"featured_media":72071,"comment_status":"open","ping_status":"open","sticky":true,"template":"","format":"standard","meta":{"footnotes":""},"categories":[6,3],"tags":[],"_links":{"self":[{"href":"https:\/\/diariodigitalmx.com\/index.php\/wp-json\/wp\/v2\/posts\/72069"}],"collection":[{"href":"https:\/\/diariodigitalmx.com\/index.php\/wp-json\/wp\/v2\/posts"}],"about":[{"href":"https:\/\/diariodigitalmx.com\/index.php\/wp-json\/wp\/v2\/types\/post"}],"author":[{"embeddable":true,"href":"https:\/\/diariodigitalmx.com\/index.php\/wp-json\/wp\/v2\/users\/1"}],"replies":[{"embeddable":true,"href":"https:\/\/diariodigitalmx.com\/index.php\/wp-json\/wp\/v2\/comments?post=72069"}],"version-history":[{"count":1,"href":"https:\/\/diariodigitalmx.com\/index.php\/wp-json\/wp\/v2\/posts\/72069\/revisions"}],"predecessor-version":[{"id":72070,"href":"https:\/\/diariodigitalmx.com\/index.php\/wp-json\/wp\/v2\/posts\/72069\/revisions\/72070"}],"wp:featuredmedia":[{"embeddable":true,"href":"https:\/\/diariodigitalmx.com\/index.php\/wp-json\/wp\/v2\/media\/72071"}],"wp:attachment":[{"href":"https:\/\/diariodigitalmx.com\/index.php\/wp-json\/wp\/v2\/media?parent=72069"}],"wp:term":[{"taxonomy":"category","embeddable":true,"href":"https:\/\/diariodigitalmx.com\/index.php\/wp-json\/wp\/v2\/categories?post=72069"},{"taxonomy":"post_tag","embeddable":true,"href":"https:\/\/diariodigitalmx.com\/index.php\/wp-json\/wp\/v2\/tags?post=72069"}],"curies":[{"name":"wp","href":"https:\/\/api.w.org\/{rel}","templated":true}]}}