{"id":7207,"date":"2019-07-03T18:28:13","date_gmt":"2019-07-03T23:28:13","guid":{"rendered":"http:\/\/diariodigitalmx.com\/?p=7207"},"modified":"2019-07-03T18:28:15","modified_gmt":"2019-07-03T23:28:15","slug":"ofrecen-dialogo-a-policias-federales-cambio-a-guardia-nacional-es-voluntario","status":"publish","type":"post","link":"https:\/\/diariodigitalmx.com\/index.php\/2019\/07\/03\/ofrecen-dialogo-a-policias-federales-cambio-a-guardia-nacional-es-voluntario\/","title":{"rendered":"Ofrecen di\u00e1logo a polic\u00edas federales; cambio a Guardia Nacional es voluntario"},"content":{"rendered":"\n<p>El secretario de Seguridad, Alfonso Durazo, afirm\u00f3 que la trasferencia de elementos de la Polic\u00eda Federal a la Guardia Nacional ser\u00e1 voluntaria y se respetar\u00e1n los derechos y antig\u00fcedad.<\/p>\n\n\n\n<p>Luego de las manifestaciones de polic\u00edas federales este mi\u00e9rcoles en la Ciudad de M\u00e9xico, Durazo Monta\u00f1o ofreci\u00f3 abrir una mesa de di\u00e1logo para recoger las inquietudes, la cual ser\u00e1 presidida por el subsecretario de Seguridad P\u00fablica, Ricardo Mej\u00eda.<\/p>\n\n\n\n<p>&#8220;Se conformar\u00e1 una mesa de di\u00e1logo permanente para recoger y resolver las peticiones e inquietudes que presenten los elementos inconformes. Ser\u00e1 presidida por el subsecretario de Seguridad P\u00fablica&#8221;, dijo.<\/p>\n\n\n\n<p>En conferencia de prensa asegur\u00f3 que los nuevos integrantes contar\u00e1n con seguro de gastos m\u00e9dicos privados&nbsp;y&nbsp;los polic\u00edas federales que no deseen ingresar a la corporaci\u00f3n podr\u00e1n entrar a otros cuerpos como Migraci\u00f3n o Aduanas, tambi\u00e9n respet\u00e1ndoles sus derechos y antig\u00fcedad.<\/p>\n\n\n\n<p>Adem\u00e1s, podr\u00e1n optar por la regi\u00f3n del pa\u00eds que prefieran porque la Guardia Nacional no traer\u00e1 a sus elementos &#8220;de un lugar para otro&#8221; y las revisiones m\u00e9dicas, que rechazan algunos polic\u00edas son para salvaguardar el estado de salud de los polic\u00edas, asegur\u00f3.<\/p>\n","protected":false},"excerpt":{"rendered":"<p>El secretario de Seguridad, Alfonso Durazo, afirm\u00f3 que la trasferencia de elementos de la Polic\u00eda Federal a la Guardia Nacional ser\u00e1 voluntaria y se respetar\u00e1n los derechos y antig\u00fcedad. Luego de las manifestaciones de polic\u00edas federales este mi\u00e9rcoles en la Ciudad de M\u00e9xico, Durazo Monta\u00f1o ofreci\u00f3 abrir una mesa de di\u00e1logo para recoger las inquietudes, [&hellip;]<\/p>\n","protected":false},"author":1,"featured_media":7209,"comment_status":"open","ping_status":"open","sticky":true,"template":"","format":"standard","meta":{"footnotes":""},"categories":[2],"tags":[],"_links":{"self":[{"href":"https:\/\/diariodigitalmx.com\/index.php\/wp-json\/wp\/v2\/posts\/7207"}],"collection":[{"href":"https:\/\/diariodigitalmx.com\/index.php\/wp-json\/wp\/v2\/posts"}],"about":[{"href":"https:\/\/diariodigitalmx.com\/index.php\/wp-json\/wp\/v2\/types\/post"}],"author":[{"embeddable":true,"href":"https:\/\/diariodigitalmx.com\/index.php\/wp-json\/wp\/v2\/users\/1"}],"replies":[{"embeddable":true,"href":"https:\/\/diariodigitalmx.com\/index.php\/wp-json\/wp\/v2\/comments?post=7207"}],"version-history":[{"count":1,"href":"https:\/\/diariodigitalmx.com\/index.php\/wp-json\/wp\/v2\/posts\/7207\/revisions"}],"predecessor-version":[{"id":7208,"href":"https:\/\/diariodigitalmx.com\/index.php\/wp-json\/wp\/v2\/posts\/7207\/revisions\/7208"}],"wp:featuredmedia":[{"embeddable":true,"href":"https:\/\/diariodigitalmx.com\/index.php\/wp-json\/wp\/v2\/media\/7209"}],"wp:attachment":[{"href":"https:\/\/diariodigitalmx.com\/index.php\/wp-json\/wp\/v2\/media?parent=7207"}],"wp:term":[{"taxonomy":"category","embeddable":true,"href":"https:\/\/diariodigitalmx.com\/index.php\/wp-json\/wp\/v2\/categories?post=7207"},{"taxonomy":"post_tag","embeddable":true,"href":"https:\/\/diariodigitalmx.com\/index.php\/wp-json\/wp\/v2\/tags?post=7207"}],"curies":[{"name":"wp","href":"https:\/\/api.w.org\/{rel}","templated":true}]}}