{"id":72086,"date":"2022-02-27T16:50:45","date_gmt":"2022-02-27T22:50:45","guid":{"rendered":"http:\/\/diariodigitalmx.com\/?p=72086"},"modified":"2022-02-27T16:51:32","modified_gmt":"2022-02-27T22:51:32","slug":"llevan-a-coahuila-adn-de-familiares-de-personas-desaparecidas","status":"publish","type":"post","link":"https:\/\/diariodigitalmx.com\/index.php\/2022\/02\/27\/llevan-a-coahuila-adn-de-familiares-de-personas-desaparecidas\/","title":{"rendered":"Llevan a Coahuila, ADN de familiares de personas desaparecidas"},"content":{"rendered":"\n<p><\/p>\n\n\n\n<p>*Las personas asistentes recibieron distintos servicios de las instituciones involucradas en el evento, como atenci\u00f3n legal, m\u00e9dica y psicol\u00f3gica.<\/p>\n\n\n\n<p>Monterrey &#8211; La primera Brigada de Toma de Muestras Referenciales de ADN para familiares de personas desaparecidas, organizado por la Comisi\u00f3n Estatal de Derechos Humanos, el Centro Regional de Identificaci\u00f3n Humana de Coahuila (CRIH) y la Comisi\u00f3n de Derechos Humanos del Estado de Coahuila, cerr\u00f3 con 122 pruebas que ser\u00e1n estudiadas en el vecino estado.<\/p>\n\n\n\n<p>El evento realizado los pasados 23 y 24 de febrero obtuvo una buena aceptaci\u00f3n de quienes buscan informaci\u00f3n de sus familiares desaparecidos, inform\u00f3 la Comisi\u00f3n Estatal de Derechos Humanos de Nuevo Le\u00f3n.<\/p>\n\n\n\n<p>En total, acudieron 141 personas, de 44 grupos familiares, para recibir la atenci\u00f3n legal, m\u00e9dica y psicol\u00f3gica.<\/p>\n\n\n\n<p>Adem\u00e1s de las instituciones organizadoras, tambi\u00e9n estuvo presente el personal de la Comisi\u00f3n Local de B\u00fasqueda de Coahuila, la Fiscal\u00eda General de Justicia del Estado de Nuevo Le\u00f3n, la Comisi\u00f3n Local de B\u00fasqueda de Nuevo Le\u00f3n, la Comisi\u00f3n Ejecutiva Estatal de Atenci\u00f3n a V\u00edctimas de Nuevo Le\u00f3n, la Comisi\u00f3n Ejecutiva de Atenci\u00f3n a V\u00edctimas federal delegaci\u00f3n Nuevo Le\u00f3n, y el colectivo Todos somos uno.<\/p>\n\n\n\n<p>Aunque a\u00fan no existe una fecha establecida, la CEDHNL inform\u00f3 a quienes asistieron, que habr\u00e1 una segunda brigada en los pr\u00f3ximos meses.<\/p>\n\n\n\n<p>Diversos grupos civiles se han abocado en Nuevo Le\u00f3n a la b\u00fasqueda de sus desaparecidos en distintos frentes, que incluyen excavaciones en algunos puntos de la entidad.&nbsp;<\/p>\n","protected":false},"excerpt":{"rendered":"<p>*Las personas asistentes recibieron distintos servicios de las instituciones involucradas en el evento, como atenci\u00f3n legal, m\u00e9dica y psicol\u00f3gica. Monterrey &#8211; La primera Brigada de Toma de Muestras Referenciales de ADN para familiares de personas desaparecidas, organizado por la Comisi\u00f3n Estatal de Derechos Humanos, el Centro Regional de Identificaci\u00f3n Humana de Coahuila (CRIH) y la [&hellip;]<\/p>\n","protected":false},"author":1,"featured_media":72088,"comment_status":"open","ping_status":"open","sticky":true,"template":"","format":"standard","meta":{"footnotes":""},"categories":[14,6],"tags":[],"_links":{"self":[{"href":"https:\/\/diariodigitalmx.com\/index.php\/wp-json\/wp\/v2\/posts\/72086"}],"collection":[{"href":"https:\/\/diariodigitalmx.com\/index.php\/wp-json\/wp\/v2\/posts"}],"about":[{"href":"https:\/\/diariodigitalmx.com\/index.php\/wp-json\/wp\/v2\/types\/post"}],"author":[{"embeddable":true,"href":"https:\/\/diariodigitalmx.com\/index.php\/wp-json\/wp\/v2\/users\/1"}],"replies":[{"embeddable":true,"href":"https:\/\/diariodigitalmx.com\/index.php\/wp-json\/wp\/v2\/comments?post=72086"}],"version-history":[{"count":1,"href":"https:\/\/diariodigitalmx.com\/index.php\/wp-json\/wp\/v2\/posts\/72086\/revisions"}],"predecessor-version":[{"id":72087,"href":"https:\/\/diariodigitalmx.com\/index.php\/wp-json\/wp\/v2\/posts\/72086\/revisions\/72087"}],"wp:featuredmedia":[{"embeddable":true,"href":"https:\/\/diariodigitalmx.com\/index.php\/wp-json\/wp\/v2\/media\/72088"}],"wp:attachment":[{"href":"https:\/\/diariodigitalmx.com\/index.php\/wp-json\/wp\/v2\/media?parent=72086"}],"wp:term":[{"taxonomy":"category","embeddable":true,"href":"https:\/\/diariodigitalmx.com\/index.php\/wp-json\/wp\/v2\/categories?post=72086"},{"taxonomy":"post_tag","embeddable":true,"href":"https:\/\/diariodigitalmx.com\/index.php\/wp-json\/wp\/v2\/tags?post=72086"}],"curies":[{"name":"wp","href":"https:\/\/api.w.org\/{rel}","templated":true}]}}