{"id":72089,"date":"2022-02-27T19:10:50","date_gmt":"2022-02-28T01:10:50","guid":{"rendered":"http:\/\/diariodigitalmx.com\/?p=72089"},"modified":"2022-02-27T19:13:13","modified_gmt":"2022-02-28T01:13:13","slug":"72089","status":"publish","type":"post","link":"https:\/\/diariodigitalmx.com\/index.php\/2022\/02\/27\/72089\/","title":{"rendered":"Apoyemos el arte en Nuevo Le\u00f3n"},"content":{"rendered":"\n<p>Por: Marlyn Leal Ortiz<\/p>\n\n\n\n<p>Ayer fui invitada a la Exposici\u00f3n individual &#8220;&#8221;Sans la nommer&#8221;&#8221; de J\u00e9r\u00f4me Montembault, un joven franc\u00e9s que tiene radicando casi 10 a\u00f1os en nuestro Estado. \u00c9l decidi\u00f3 a trav\u00e9s de su mirada, trazar una peque\u00f1a parte de nuestra identidad mexicana: caras de calaveras y m\u00e1scaras de luchadores.<br>En lo personal, opt\u00e9 por quedarme con el cuadro de \u201cBlue\u201d, que hace referencia al legendario Alejandro Mu\u00f1oz Moreno, mejor conocido como Blue Demon, personaje ic\u00f3nico nacido en Garc\u00eda, Nuevo Le\u00f3n (aunque tambi\u00e9n se dice que es de Santa Catarina). Luchador y actor mexicano que marc\u00f3 varias generaciones; no terminar\u00eda de describir lo que hizo durante su vida y la lucha por la vida.<br>Pero \u00bfqui\u00e9n no recuerda sus pel\u00edculas individuales o haciendo mancuerna con el Santo?<br>Blue Demon no solo dej\u00f3 su huella en el cuadril\u00e1tero y en el cine de los sesenta y setenta, si no en el coraz\u00f3n de los mexicanos, pues \u00e9l representaba nuestras propias luchas que lo convirtieron en un h\u00e9roe nacional de la ficci\u00f3n y la realidad.<\/p>\n","protected":false},"excerpt":{"rendered":"<p>Por: Marlyn Leal Ortiz Ayer fui invitada a la Exposici\u00f3n individual &#8220;&#8221;Sans la nommer&#8221;&#8221; de J\u00e9r\u00f4me Montembault, un joven franc\u00e9s que tiene radicando casi 10 a\u00f1os en nuestro Estado. \u00c9l decidi\u00f3 a trav\u00e9s de su mirada, trazar una peque\u00f1a parte de nuestra identidad mexicana: caras de calaveras y m\u00e1scaras de luchadores.En lo personal, opt\u00e9 por [&hellip;]<\/p>\n","protected":false},"author":1,"featured_media":72091,"comment_status":"open","ping_status":"open","sticky":true,"template":"","format":"standard","meta":{"footnotes":""},"categories":[11,14],"tags":[],"_links":{"self":[{"href":"https:\/\/diariodigitalmx.com\/index.php\/wp-json\/wp\/v2\/posts\/72089"}],"collection":[{"href":"https:\/\/diariodigitalmx.com\/index.php\/wp-json\/wp\/v2\/posts"}],"about":[{"href":"https:\/\/diariodigitalmx.com\/index.php\/wp-json\/wp\/v2\/types\/post"}],"author":[{"embeddable":true,"href":"https:\/\/diariodigitalmx.com\/index.php\/wp-json\/wp\/v2\/users\/1"}],"replies":[{"embeddable":true,"href":"https:\/\/diariodigitalmx.com\/index.php\/wp-json\/wp\/v2\/comments?post=72089"}],"version-history":[{"count":4,"href":"https:\/\/diariodigitalmx.com\/index.php\/wp-json\/wp\/v2\/posts\/72089\/revisions"}],"predecessor-version":[{"id":72094,"href":"https:\/\/diariodigitalmx.com\/index.php\/wp-json\/wp\/v2\/posts\/72089\/revisions\/72094"}],"wp:featuredmedia":[{"embeddable":true,"href":"https:\/\/diariodigitalmx.com\/index.php\/wp-json\/wp\/v2\/media\/72091"}],"wp:attachment":[{"href":"https:\/\/diariodigitalmx.com\/index.php\/wp-json\/wp\/v2\/media?parent=72089"}],"wp:term":[{"taxonomy":"category","embeddable":true,"href":"https:\/\/diariodigitalmx.com\/index.php\/wp-json\/wp\/v2\/categories?post=72089"},{"taxonomy":"post_tag","embeddable":true,"href":"https:\/\/diariodigitalmx.com\/index.php\/wp-json\/wp\/v2\/tags?post=72089"}],"curies":[{"name":"wp","href":"https:\/\/api.w.org\/{rel}","templated":true}]}}