{"id":72095,"date":"2022-02-27T19:17:00","date_gmt":"2022-02-28T01:17:00","guid":{"rendered":"http:\/\/diariodigitalmx.com\/?p=72095"},"modified":"2022-02-27T19:17:40","modified_gmt":"2022-02-28T01:17:40","slug":"que-enseno-nati-a-samuel-en-la-uanl","status":"publish","type":"post","link":"https:\/\/diariodigitalmx.com\/index.php\/2022\/02\/27\/que-enseno-nati-a-samuel-en-la-uanl\/","title":{"rendered":"Qu\u00e9 ense\u00f1\u00f3 Nati a Samuel en la UANL"},"content":{"rendered":"\n<p><\/p>\n\n\n\n<p>Por Salvador Hern\u00e1ndez <strong><em>LANDEROS<\/em><\/strong><\/p>\n\n\n\n<p>Jos\u00e9 Natividad Gonz\u00e1lez Par\u00e1s era gobernador <strong><em>cuando en el 2006 se destituy\u00f3 a David Galv\u00e1n Ancira del cargo de director de la Facultad de Leyes.<\/em><\/strong><\/p>\n\n\n\n<p>Adem\u00e1s de separarlo, Galv\u00e1n Ancira <strong><em>fue inhabilitado permanentemente, por irregularidades administrativas y alteraci\u00f3n de facturas por 90 mil pesos<\/em><\/strong>.<\/p>\n\n\n\n<p><strong><em>Su delito fue falsear facturas por arreglos a sus veh\u00edculos y que aparecieran como reparaciones mec\u00e1nicas a un microb\u00fas de la Facultad que dirig\u00eda<\/em><\/strong>.<\/p>\n\n\n\n<p><strong><em>Hoy, Gonz\u00e1lez Paras, es maestro en Leyes<\/em><\/strong> y un alumno en su doctorado fue Samuel Garc\u00eda<strong><em>, a quien lo que le ense\u00f1\u00f3, de algo le puede servir.<\/em><\/strong><\/p>\n\n\n\n<p>Dicen que Nati es asesor de Samuel, lo cual no nos consta. <strong><em>De ser cierto, le puede sugerir qu\u00e9 postura asumir con lo que ocurre hoy en esa Facultad<\/em><\/strong>.&nbsp;<\/p>\n\n\n\n<p>De hecho, Samuel Garc\u00eda es abogado <strong><em>y sabe que el encubrimiento es una conducta penada por ocultar actos e impedir la investigaci\u00f3n de un delito<\/em><\/strong>.<\/p>\n\n\n\n<p><strong><em>En Leyes, el actual director Oscar Paulino Lugo Serrato encubri\u00f3 a Alonso Mart\u00ednez Arrieta; lo baj\u00f3 de sub administrativo, a un cargo al que no asiste<\/em><\/strong>.<\/p>\n\n\n\n<p><strong><em>En pasillos y aulas se sabe que Mart\u00ednez Arrieta est\u00e1 siendo investigado por hechos que ocurrieron en contra de una persona que fue maltratada<\/em><\/strong>.<\/p>\n\n\n\n<p>Como comentarios extras, <strong><em>dicen que, siendo subdirector administrativo, el investigado realiz\u00f3 irregularidades con la complacencia del director<\/em><\/strong>.<\/p>\n\n\n\n<p>Cuando lo de Galv\u00e1n Ancira, el Rector era Jos\u00e9 Antonio Gonz\u00e1lez Trevi\u00f1o y <strong><em>el secretario general, el m\u00e9dico Jes\u00fas Ancer, quien luego fue Rector<\/em><\/strong>.<\/p>\n\n\n\n<p>Van los datos por s\u00ed el actual Rector, <strong><em>Santos Guzm\u00e1n, se quiere asesorar con Jes\u00fas Ancer, tambi\u00e9n m\u00e9dico y no vaya a caer en el mismo encubrimiento.<\/em><\/strong><\/p>\n\n\n\n<p><a href=\"mailto:chavalolanderos@yahoo.com.mx\"><strong><em>chavalolanderos@yahoo.com.mx<\/em><\/strong><\/a><\/p>\n","protected":false},"excerpt":{"rendered":"<p>Por Salvador Hern\u00e1ndez LANDEROS Jos\u00e9 Natividad Gonz\u00e1lez Par\u00e1s era gobernador cuando en el 2006 se destituy\u00f3 a David Galv\u00e1n Ancira del cargo de director de la Facultad de Leyes. Adem\u00e1s de separarlo, Galv\u00e1n Ancira fue inhabilitado permanentemente, por irregularidades administrativas y alteraci\u00f3n de facturas por 90 mil pesos. Su delito fue falsear facturas por arreglos [&hellip;]<\/p>\n","protected":false},"author":1,"featured_media":72097,"comment_status":"open","ping_status":"open","sticky":true,"template":"","format":"standard","meta":{"footnotes":""},"categories":[14,12],"tags":[],"_links":{"self":[{"href":"https:\/\/diariodigitalmx.com\/index.php\/wp-json\/wp\/v2\/posts\/72095"}],"collection":[{"href":"https:\/\/diariodigitalmx.com\/index.php\/wp-json\/wp\/v2\/posts"}],"about":[{"href":"https:\/\/diariodigitalmx.com\/index.php\/wp-json\/wp\/v2\/types\/post"}],"author":[{"embeddable":true,"href":"https:\/\/diariodigitalmx.com\/index.php\/wp-json\/wp\/v2\/users\/1"}],"replies":[{"embeddable":true,"href":"https:\/\/diariodigitalmx.com\/index.php\/wp-json\/wp\/v2\/comments?post=72095"}],"version-history":[{"count":1,"href":"https:\/\/diariodigitalmx.com\/index.php\/wp-json\/wp\/v2\/posts\/72095\/revisions"}],"predecessor-version":[{"id":72096,"href":"https:\/\/diariodigitalmx.com\/index.php\/wp-json\/wp\/v2\/posts\/72095\/revisions\/72096"}],"wp:featuredmedia":[{"embeddable":true,"href":"https:\/\/diariodigitalmx.com\/index.php\/wp-json\/wp\/v2\/media\/72097"}],"wp:attachment":[{"href":"https:\/\/diariodigitalmx.com\/index.php\/wp-json\/wp\/v2\/media?parent=72095"}],"wp:term":[{"taxonomy":"category","embeddable":true,"href":"https:\/\/diariodigitalmx.com\/index.php\/wp-json\/wp\/v2\/categories?post=72095"},{"taxonomy":"post_tag","embeddable":true,"href":"https:\/\/diariodigitalmx.com\/index.php\/wp-json\/wp\/v2\/tags?post=72095"}],"curies":[{"name":"wp","href":"https:\/\/api.w.org\/{rel}","templated":true}]}}