{"id":7210,"date":"2019-07-03T18:34:22","date_gmt":"2019-07-03T23:34:22","guid":{"rendered":"http:\/\/diariodigitalmx.com\/?p=7210"},"modified":"2019-07-03T18:35:11","modified_gmt":"2019-07-03T23:35:11","slug":"conade-no-tiene-ni-para-pagar-la-luz-ana-guevara","status":"publish","type":"post","link":"https:\/\/diariodigitalmx.com\/index.php\/2019\/07\/03\/conade-no-tiene-ni-para-pagar-la-luz-ana-guevara\/","title":{"rendered":"Conade no tiene ni para pagar la luz: Ana Guevara"},"content":{"rendered":"\n<p>Por Alejandro P\u00e1ez<\/p>\n\n\n\n<p>Ante senadores, la&nbsp;&nbsp;titular de la Comisi\u00f3n Nacional&nbsp;&nbsp;del Deporte (CONADE), Ana Gabriela Guevara, aclar\u00f3 que no hay recortes a becas para deportistas de alto rendimiento sino \u201creajustes\u201d&nbsp;&nbsp;de acuerdo a su rendimiento y en ese sentido advirti\u00f3 que la instituci\u00f3n que encabeza est\u00e1 en&nbsp;&nbsp;\u201cn\u00fameros rojos\u201d y sin presupuesto incluso \u201cpara pagar&nbsp;&nbsp;la luz\u201d a partir de agosto pr\u00f3ximo por el recorte del 35 por ciento,&nbsp;&nbsp;que sufri\u00f3 a su Presupuesto para este a\u00f1o.<\/p>\n\n\n\n<p>\u201cA&nbsp;&nbsp;partir del mes que entra estamos en n\u00fameros rojos, ya no habr\u00e1 presupuesto para poder salir de agosto hasta diciembre y en pagos ya no hablemos de becas que es tema sensible, sino ya no vamos a poder pagar luz, ya no vamos a poder pagar lo b\u00e1sico para el funcionamiento de las instalaciones\u201d, alert\u00f3<\/p>\n\n\n\n<p>El presupuesto de la CONADE para este a\u00f1o es de mil 791 millones de pesos,&nbsp;&nbsp;pues se le recort\u00f3 el 35 % con respecto al a\u00f1o pasado.<\/p>\n\n\n\n<p>\u201cNo hay forma de poder seguir transitando con este presupuesto, pr\u00e1cticamente les anuncio que el mes que entra se nos va a acabar el recurso, vamos a tener que ir con el presidente y con el secretario de hacienda a solicitarle la extensi\u00f3n de recurso ojal\u00e1 esos 90 mil millones nos llegue una parte y poder hacer algo&#8230;\u201d, lament\u00f3<\/p>\n\n\n\n<p>Guevara acus\u00f3 una serie de irregularidades en la entrega de becas y apoyos a los deportistas de alto rendimiento por lo cual sostuvo que en adelante se termin\u00f3 ese criterio \u201casistencialista\u201d y expedientes abiertos que solo perjudicaban al erario por la discrecionalidad&nbsp;&nbsp;que hab\u00eda en la entrega de recursos a todo tipo de atletas y personal de apoyo.<\/p>\n\n\n\n<p>\u201cSeis meses no es lo mismo que seis a\u00f1os, en seis meses estamos armonizando lo que no se hab\u00eda hecho en seis a\u00f1os, s\u00ed tengo que hacer referencia al pasado porque estamos recibiendo la caca del pasado&#8230;\u201d<\/p>\n\n\n\n<p>La ex deportista, rechaz\u00f3 las acusaciones de corrupci\u00f3n en su contra&nbsp;&nbsp;por supuesto mal manejo en la operaci\u00f3n del Fideicomiso del Fondo para el Deporte de Alto Rendimiento (Fodepar), por usurpaci\u00f3n de funciones,&nbsp;&nbsp;conflicto de inter\u00e9s y colusi\u00f3n entre servidores p\u00fablicos\u201d y dos empresas aunque record\u00f3 que son investigaciones que est\u00e1n en curso confi\u00f3 en que salga avante de estos se\u00f1alamientos.<\/p>\n\n\n\n<p>&nbsp;\u201cEl presidente de la rep\u00fablica pidi\u00f3 que fuera la funci\u00f3n p\u00fablica quien investigara supuestos, no son fijos, supuestos actos de corrupci\u00f3n que guardan dentro de la CONADE desde el mes de abril\u201d, indic\u00f3<\/p>\n\n\n\n<p>Guevara lament\u00f3 el caso de la esgrimista mexicana,&nbsp;&nbsp;Paola Pliego de optar por representar a Uzbekist\u00e1n, pero asegur\u00f3 que esto deriva de problemas de la Federaci\u00f3n&nbsp;&nbsp;en esa materia y no de la Conade.<\/p>\n\n\n\n<p>\u201cEs una federaci\u00f3n que est\u00e1 complicada, una federaci\u00f3n que est\u00e1 controvertida, una federaci\u00f3n que lamentablemente ha tropezado y claudicado y ha ca\u00eddo en un bache lamentable\u201d, acus\u00f3<\/p>\n\n\n\n<p>\u201cOjal\u00e1 nos den cachetada con guante blanco y gane medalla por otro pa\u00eds\u201d, estableci\u00f3<\/p>\n\n\n\n<figure class=\"wp-block-image\"><img loading=\"lazy\" decoding=\"async\" width=\"650\" height=\"433\" src=\"http:\/\/diariodigitalmx.com\/wp-content\/uploads\/2019\/07\/Ana-Guevara.jpg\" alt=\"\" class=\"wp-image-7214\" srcset=\"https:\/\/diariodigitalmx.com\/wp-content\/uploads\/2019\/07\/Ana-Guevara.jpg 650w, https:\/\/diariodigitalmx.com\/wp-content\/uploads\/2019\/07\/Ana-Guevara-300x200.jpg 300w\" sizes=\"(max-width: 650px) 100vw, 650px\" \/><\/figure>\n","protected":false},"excerpt":{"rendered":"<p>Por Alejandro P\u00e1ez Ante senadores, la&nbsp;&nbsp;titular de la Comisi\u00f3n Nacional&nbsp;&nbsp;del Deporte (CONADE), Ana Gabriela Guevara, aclar\u00f3 que no hay recortes a becas para deportistas de alto rendimiento sino \u201creajustes\u201d&nbsp;&nbsp;de acuerdo a su rendimiento y en ese sentido advirti\u00f3 que la instituci\u00f3n que encabeza est\u00e1 en&nbsp;&nbsp;\u201cn\u00fameros rojos\u201d y sin presupuesto incluso \u201cpara pagar&nbsp;&nbsp;la luz\u201d a partir [&hellip;]<\/p>\n","protected":false},"author":1,"featured_media":7212,"comment_status":"open","ping_status":"open","sticky":true,"template":"","format":"standard","meta":{"footnotes":""},"categories":[2],"tags":[],"_links":{"self":[{"href":"https:\/\/diariodigitalmx.com\/index.php\/wp-json\/wp\/v2\/posts\/7210"}],"collection":[{"href":"https:\/\/diariodigitalmx.com\/index.php\/wp-json\/wp\/v2\/posts"}],"about":[{"href":"https:\/\/diariodigitalmx.com\/index.php\/wp-json\/wp\/v2\/types\/post"}],"author":[{"embeddable":true,"href":"https:\/\/diariodigitalmx.com\/index.php\/wp-json\/wp\/v2\/users\/1"}],"replies":[{"embeddable":true,"href":"https:\/\/diariodigitalmx.com\/index.php\/wp-json\/wp\/v2\/comments?post=7210"}],"version-history":[{"count":3,"href":"https:\/\/diariodigitalmx.com\/index.php\/wp-json\/wp\/v2\/posts\/7210\/revisions"}],"predecessor-version":[{"id":7215,"href":"https:\/\/diariodigitalmx.com\/index.php\/wp-json\/wp\/v2\/posts\/7210\/revisions\/7215"}],"wp:featuredmedia":[{"embeddable":true,"href":"https:\/\/diariodigitalmx.com\/index.php\/wp-json\/wp\/v2\/media\/7212"}],"wp:attachment":[{"href":"https:\/\/diariodigitalmx.com\/index.php\/wp-json\/wp\/v2\/media?parent=7210"}],"wp:term":[{"taxonomy":"category","embeddable":true,"href":"https:\/\/diariodigitalmx.com\/index.php\/wp-json\/wp\/v2\/categories?post=7210"},{"taxonomy":"post_tag","embeddable":true,"href":"https:\/\/diariodigitalmx.com\/index.php\/wp-json\/wp\/v2\/tags?post=7210"}],"curies":[{"name":"wp","href":"https:\/\/api.w.org\/{rel}","templated":true}]}}