{"id":72102,"date":"2022-02-27T23:07:58","date_gmt":"2022-02-28T05:07:58","guid":{"rendered":"http:\/\/diariodigitalmx.com\/?p=72102"},"modified":"2022-02-27T23:08:30","modified_gmt":"2022-02-28T05:08:30","slug":"reportan-352-muertos-el-saldo-de-los-ataques-rusos-a-ucrania","status":"publish","type":"post","link":"https:\/\/diariodigitalmx.com\/index.php\/2022\/02\/27\/reportan-352-muertos-el-saldo-de-los-ataques-rusos-a-ucrania\/","title":{"rendered":"Reportan 352 muertos, el saldo de los ataques rusos a Ucrania"},"content":{"rendered":"\n<p>EFE<\/p>\n\n\n\n<p>Ucrania elev\u00f3 este domingo a 352 el n\u00famero de los civiles que murieron durante la guerra originada por Rusia, que tambi\u00e9n ha causado 1.684 heridos, seg\u00fan el Ministerio del Interior del pa\u00eds.<\/p>\n\n\n\n<p>Entre los fallecidos hay 14 ni\u00f1os, dice un mensaje del Interior en Telegram.<\/p>\n\n\n\n<p>Mientras, entre los heridos el n\u00famero de los menores asciende a 116.<\/p>\n\n\n\n<p>El alcalde de Kiev, Vitali Klitschk\u00f3, afirm\u00f3 este domingo en la capital ucraniana murieron nueve civiles, cuatro personas no identificadas y 18 combatientes desde el inicio del ataque ruso hace cuatro d\u00edas.<\/p>\n\n\n\n<p>Ambas partes tienen previsto celebrar hoy, lunes, sus primeras conversaciones desde el comienzo de la guerra en un intento de negociar un posible alto el fuego.<\/p>\n","protected":false},"excerpt":{"rendered":"<p>EFE Ucrania elev\u00f3 este domingo a 352 el n\u00famero de los civiles que murieron durante la guerra originada por Rusia, que tambi\u00e9n ha causado 1.684 heridos, seg\u00fan el Ministerio del Interior del pa\u00eds. Entre los fallecidos hay 14 ni\u00f1os, dice un mensaje del Interior en Telegram. Mientras, entre los heridos el n\u00famero de los menores [&hellip;]<\/p>\n","protected":false},"author":1,"featured_media":72104,"comment_status":"open","ping_status":"open","sticky":true,"template":"","format":"standard","meta":{"footnotes":""},"categories":[4,3],"tags":[],"_links":{"self":[{"href":"https:\/\/diariodigitalmx.com\/index.php\/wp-json\/wp\/v2\/posts\/72102"}],"collection":[{"href":"https:\/\/diariodigitalmx.com\/index.php\/wp-json\/wp\/v2\/posts"}],"about":[{"href":"https:\/\/diariodigitalmx.com\/index.php\/wp-json\/wp\/v2\/types\/post"}],"author":[{"embeddable":true,"href":"https:\/\/diariodigitalmx.com\/index.php\/wp-json\/wp\/v2\/users\/1"}],"replies":[{"embeddable":true,"href":"https:\/\/diariodigitalmx.com\/index.php\/wp-json\/wp\/v2\/comments?post=72102"}],"version-history":[{"count":1,"href":"https:\/\/diariodigitalmx.com\/index.php\/wp-json\/wp\/v2\/posts\/72102\/revisions"}],"predecessor-version":[{"id":72103,"href":"https:\/\/diariodigitalmx.com\/index.php\/wp-json\/wp\/v2\/posts\/72102\/revisions\/72103"}],"wp:featuredmedia":[{"embeddable":true,"href":"https:\/\/diariodigitalmx.com\/index.php\/wp-json\/wp\/v2\/media\/72104"}],"wp:attachment":[{"href":"https:\/\/diariodigitalmx.com\/index.php\/wp-json\/wp\/v2\/media?parent=72102"}],"wp:term":[{"taxonomy":"category","embeddable":true,"href":"https:\/\/diariodigitalmx.com\/index.php\/wp-json\/wp\/v2\/categories?post=72102"},{"taxonomy":"post_tag","embeddable":true,"href":"https:\/\/diariodigitalmx.com\/index.php\/wp-json\/wp\/v2\/tags?post=72102"}],"curies":[{"name":"wp","href":"https:\/\/api.w.org\/{rel}","templated":true}]}}