{"id":72130,"date":"2022-02-28T11:56:53","date_gmt":"2022-02-28T17:56:53","guid":{"rendered":"http:\/\/diariodigitalmx.com\/?p=72130"},"modified":"2022-02-28T12:00:43","modified_gmt":"2022-02-28T18:00:43","slug":"heroica-caborca","status":"publish","type":"post","link":"https:\/\/diariodigitalmx.com\/index.php\/2022\/02\/28\/heroica-caborca\/","title":{"rendered":"Heroica Caborca"},"content":{"rendered":"\n<p>Daniela Montalvo Herrera&nbsp;<\/p>\n\n\n\n<p>*Cultura, comida y petroglifos&nbsp;<\/p>\n\n\n\n<p>Anticipadamente tendr\u00e9 que pedir disculpas, no se muy bien de donde sali\u00f3, pero siempre cre\u00ed que el norte del pa\u00eds no era m\u00e1s que tierra, calor y desierto; ya me entere de la verdad.&nbsp;<\/p>\n\n\n\n<p>En un viaje (sin expectativas debo confesar) que hice a Sonora, me tope con lugares incre\u00edbles, comida riqu\u00edsima, gente muy amable, incre\u00edbles paisajes y sobre todo con historia, lugares y hechos que ocurrieron y dejaron una marca en la tierra y en la gente.<\/p>\n\n\n\n<figure class=\"wp-block-image size-large\"><img loading=\"lazy\" decoding=\"async\" width=\"960\" height=\"720\" src=\"http:\/\/diariodigitalmx.com\/wp-content\/uploads\/2022\/02\/IMG-20220228-WA0004.jpg\" alt=\"\" class=\"wp-image-72133\" srcset=\"https:\/\/diariodigitalmx.com\/wp-content\/uploads\/2022\/02\/IMG-20220228-WA0004.jpg 960w, https:\/\/diariodigitalmx.com\/wp-content\/uploads\/2022\/02\/IMG-20220228-WA0004-300x225.jpg 300w, https:\/\/diariodigitalmx.com\/wp-content\/uploads\/2022\/02\/IMG-20220228-WA0004-768x576.jpg 768w\" sizes=\"(max-width: 960px) 100vw, 960px\" \/><\/figure>\n\n\n\n<p>Hoy lugares como la Heroica Caborca, nos evoca un pasado de guerra y lucha, no por nada se ha ganado el t\u00edtulo de Heroica, resulta ser que en el a\u00f1o de 1857 Caborca fue sitiada por una banda de filibusteros americanos (tipo piratas), encabezados por Henry Crabb, obligando a los habitantes a refugiarse en la Misi\u00f3n (iglesia), resistiendo hasta que el dep\u00f3sito de dinamita de los filibusteros fue incendiado. En memoria de esta defensa en abril de 1948, Caborca cambi\u00f3 su denominaci\u00f3n por el de &#8220;Heroica Caborca&#8221;.<\/p>\n\n\n\n<figure class=\"wp-block-image size-large\"><img loading=\"lazy\" decoding=\"async\" width=\"1024\" height=\"768\" src=\"http:\/\/diariodigitalmx.com\/wp-content\/uploads\/2022\/02\/IMG-20220228-WA0006-1024x768.jpg\" alt=\"\" class=\"wp-image-72135\" srcset=\"https:\/\/diariodigitalmx.com\/wp-content\/uploads\/2022\/02\/IMG-20220228-WA0006-1024x768.jpg 1024w, https:\/\/diariodigitalmx.com\/wp-content\/uploads\/2022\/02\/IMG-20220228-WA0006-300x225.jpg 300w, https:\/\/diariodigitalmx.com\/wp-content\/uploads\/2022\/02\/IMG-20220228-WA0006-768x576.jpg 768w, https:\/\/diariodigitalmx.com\/wp-content\/uploads\/2022\/02\/IMG-20220228-WA0006.jpg 1280w\" sizes=\"(max-width: 1024px) 100vw, 1024px\" \/><\/figure>\n\n\n\n<p>Todo el lugar es hermoso, desde la plaza principal hasta la Iglesia Nuestra Se\u00f1ora de la Pur\u00edsima Concepci\u00f3n de Caborca; pero quiero dedicar estas l\u00edneas a lo que m\u00e1s me sorprendi\u00f3 de la visita\u2026. \u201cLos Petroglifos\u201d.<\/p>\n\n\n\n<figure class=\"wp-block-image size-large\"><img loading=\"lazy\" decoding=\"async\" width=\"1024\" height=\"768\" src=\"http:\/\/diariodigitalmx.com\/wp-content\/uploads\/2022\/02\/IMG-20220228-WA0008-1024x768.jpg\" alt=\"\" class=\"wp-image-72138\" srcset=\"https:\/\/diariodigitalmx.com\/wp-content\/uploads\/2022\/02\/IMG-20220228-WA0008-1024x768.jpg 1024w, https:\/\/diariodigitalmx.com\/wp-content\/uploads\/2022\/02\/IMG-20220228-WA0008-300x225.jpg 300w, https:\/\/diariodigitalmx.com\/wp-content\/uploads\/2022\/02\/IMG-20220228-WA0008-768x576.jpg 768w, https:\/\/diariodigitalmx.com\/wp-content\/uploads\/2022\/02\/IMG-20220228-WA0008.jpg 1280w\" sizes=\"(max-width: 1024px) 100vw, 1024px\" \/><\/figure>\n\n\n\n<p>Resulta que en Caborca existe una zona en la que se encuentran m\u00e1s de 6 mil petroglifos, que seg\u00fan nos contaron algunos datan de Antes de Cristo y llegan al 1400 de nuestra era.<\/p>\n\n\n\n<figure class=\"wp-block-image size-large\"><img loading=\"lazy\" decoding=\"async\" width=\"1024\" height=\"768\" src=\"http:\/\/diariodigitalmx.com\/wp-content\/uploads\/2022\/02\/IMG-20220228-WA0009-1024x768.jpg\" alt=\"\" class=\"wp-image-72144\" srcset=\"https:\/\/diariodigitalmx.com\/wp-content\/uploads\/2022\/02\/IMG-20220228-WA0009-1024x768.jpg 1024w, https:\/\/diariodigitalmx.com\/wp-content\/uploads\/2022\/02\/IMG-20220228-WA0009-300x225.jpg 300w, https:\/\/diariodigitalmx.com\/wp-content\/uploads\/2022\/02\/IMG-20220228-WA0009-768x576.jpg 768w, https:\/\/diariodigitalmx.com\/wp-content\/uploads\/2022\/02\/IMG-20220228-WA0009.jpg 1280w\" sizes=\"(max-width: 1024px) 100vw, 1024px\" \/><\/figure>\n\n\n\n<p>Impresionante, figuras que parecen haber sido grabadas ayer, cuidadas, muy reales y bien delineadas; la gu\u00eda que nos acompa\u00f1o en el recorrido, nos cuenta que se han hecho muchos estudios, incluso expertos internacionales han venido a recorrer la zona, considerada como la zona de petroglifos m\u00e1s grande de Am\u00e9rica Latina.<\/p>\n\n\n\n<figure class=\"wp-block-image size-large\"><img loading=\"lazy\" decoding=\"async\" width=\"960\" height=\"640\" src=\"http:\/\/diariodigitalmx.com\/wp-content\/uploads\/2022\/02\/IMG-20220228-WA0003.jpg\" alt=\"\" class=\"wp-image-72140\" srcset=\"https:\/\/diariodigitalmx.com\/wp-content\/uploads\/2022\/02\/IMG-20220228-WA0003.jpg 960w, https:\/\/diariodigitalmx.com\/wp-content\/uploads\/2022\/02\/IMG-20220228-WA0003-300x200.jpg 300w, https:\/\/diariodigitalmx.com\/wp-content\/uploads\/2022\/02\/IMG-20220228-WA0003-768x512.jpg 768w\" sizes=\"(max-width: 960px) 100vw, 960px\" \/><\/figure>\n\n\n\n<p>El recorrido merece totalmente la pena, admirar cada piedra grabada que en algunos casos no es posible determinar el significado, pero otras tantas aparecen manos, figuras de hombres, representaciones del sol y la luna.&nbsp;<\/p>\n\n\n\n<p>\u00bfQu\u00e9 funci\u00f3n tuvieron estas marcas? Para algunos serv\u00edan de ubicaci\u00f3n, para otros era la manera de comunicarse con las tribus que pasaban por la zona; al respecto hay una cantidad de estudios que intentan conocer el origen, la fecha y el significado, pero \u00bfser\u00e1 posible descubrir la verdad?, hablamos de hechos que ocurrieron hace m\u00e1s de 2 mil a\u00f1os.<\/p>\n\n\n\n<figure class=\"wp-block-image size-large\"><img loading=\"lazy\" decoding=\"async\" width=\"720\" height=\"960\" src=\"http:\/\/diariodigitalmx.com\/wp-content\/uploads\/2022\/02\/IMG-20220228-WA0005.jpg\" alt=\"\" class=\"wp-image-72142\" srcset=\"https:\/\/diariodigitalmx.com\/wp-content\/uploads\/2022\/02\/IMG-20220228-WA0005.jpg 720w, https:\/\/diariodigitalmx.com\/wp-content\/uploads\/2022\/02\/IMG-20220228-WA0005-225x300.jpg 225w\" sizes=\"(max-width: 720px) 100vw, 720px\" \/><\/figure>\n\n\n\n<p>Sea como sea, la imaginaci\u00f3n siempre ser\u00e1 un buen aliado, recorrer los senderos, ver cada piedra, la flora y fauna del lugar, hacen volar la mente.<\/p>\n\n\n\n<figure class=\"wp-block-image size-large\"><img loading=\"lazy\" decoding=\"async\" width=\"1024\" height=\"768\" src=\"http:\/\/diariodigitalmx.com\/wp-content\/uploads\/2022\/02\/IMG-20220228-WA0007-1024x768.jpg\" alt=\"\" class=\"wp-image-72146\" srcset=\"https:\/\/diariodigitalmx.com\/wp-content\/uploads\/2022\/02\/IMG-20220228-WA0007-1024x768.jpg 1024w, https:\/\/diariodigitalmx.com\/wp-content\/uploads\/2022\/02\/IMG-20220228-WA0007-300x225.jpg 300w, https:\/\/diariodigitalmx.com\/wp-content\/uploads\/2022\/02\/IMG-20220228-WA0007-768x576.jpg 768w, https:\/\/diariodigitalmx.com\/wp-content\/uploads\/2022\/02\/IMG-20220228-WA0007.jpg 1280w\" sizes=\"(max-width: 1024px) 100vw, 1024px\" \/><\/figure>\n\n\n\n<p>Caborca, una imperdible joya de Sonora.&nbsp;<\/p>\n\n\n\n<p>Un pa\u00eds tan diverso y multicultural como M\u00e9xico, para una vida resulta sin fin.<\/p>\n\n\n\n<p>Vis\u00edtanos en M\u00e9xico Sin Fin en Facebook:&nbsp; <a href=\"https:\/\/www.facebook.com\/mexxicosinfin\">https:\/\/www.facebook.com\/mexxicosinfin<\/a><\/p>\n\n\n\n<p>WhatsApp: 8111706390<\/p>\n","protected":false},"excerpt":{"rendered":"<p>Daniela Montalvo Herrera&nbsp; *Cultura, comida y petroglifos&nbsp; Anticipadamente tendr\u00e9 que pedir disculpas, no se muy bien de donde sali\u00f3, pero siempre cre\u00ed que el norte del pa\u00eds no era m\u00e1s que tierra, calor y desierto; ya me entere de la verdad.&nbsp; En un viaje (sin expectativas debo confesar) que hice a Sonora, me tope con [&hellip;]<\/p>\n","protected":false},"author":1,"featured_media":72132,"comment_status":"open","ping_status":"open","sticky":true,"template":"","format":"standard","meta":{"footnotes":""},"categories":[5,17],"tags":[],"_links":{"self":[{"href":"https:\/\/diariodigitalmx.com\/index.php\/wp-json\/wp\/v2\/posts\/72130"}],"collection":[{"href":"https:\/\/diariodigitalmx.com\/index.php\/wp-json\/wp\/v2\/posts"}],"about":[{"href":"https:\/\/diariodigitalmx.com\/index.php\/wp-json\/wp\/v2\/types\/post"}],"author":[{"embeddable":true,"href":"https:\/\/diariodigitalmx.com\/index.php\/wp-json\/wp\/v2\/users\/1"}],"replies":[{"embeddable":true,"href":"https:\/\/diariodigitalmx.com\/index.php\/wp-json\/wp\/v2\/comments?post=72130"}],"version-history":[{"count":8,"href":"https:\/\/diariodigitalmx.com\/index.php\/wp-json\/wp\/v2\/posts\/72130\/revisions"}],"predecessor-version":[{"id":72147,"href":"https:\/\/diariodigitalmx.com\/index.php\/wp-json\/wp\/v2\/posts\/72130\/revisions\/72147"}],"wp:featuredmedia":[{"embeddable":true,"href":"https:\/\/diariodigitalmx.com\/index.php\/wp-json\/wp\/v2\/media\/72132"}],"wp:attachment":[{"href":"https:\/\/diariodigitalmx.com\/index.php\/wp-json\/wp\/v2\/media?parent=72130"}],"wp:term":[{"taxonomy":"category","embeddable":true,"href":"https:\/\/diariodigitalmx.com\/index.php\/wp-json\/wp\/v2\/categories?post=72130"},{"taxonomy":"post_tag","embeddable":true,"href":"https:\/\/diariodigitalmx.com\/index.php\/wp-json\/wp\/v2\/tags?post=72130"}],"curies":[{"name":"wp","href":"https:\/\/api.w.org\/{rel}","templated":true}]}}