{"id":72148,"date":"2022-02-28T13:24:41","date_gmt":"2022-02-28T19:24:41","guid":{"rendered":"http:\/\/diariodigitalmx.com\/?p=72148"},"modified":"2022-02-28T13:25:21","modified_gmt":"2022-02-28T19:25:21","slug":"asi-va-la-busqueda-del-mijes-investigan-accidente","status":"publish","type":"post","link":"https:\/\/diariodigitalmx.com\/index.php\/2022\/02\/28\/asi-va-la-busqueda-del-mijes-investigan-accidente\/","title":{"rendered":"As\u00ed va la b\u00fasqueda del &#8220;Mijes&#8221;; investigan accidente"},"content":{"rendered":"\n<p>Monterrey &#8211; En la b\u00fasqueda de &#8220;El Mijes&#8221;, equipos multidisciplinarios de las Fiscal\u00edas de Nuevo Le\u00f3n, San Luis Potos\u00ed, Coahuila y Tamaulipas investigan un accidente automovil\u00edstico en el kil\u00f3metro 27 de la carretera Piedras Negras &#8211; Nuevo Laredo.&nbsp;<\/p>\n\n\n\n<p>La Fiscal\u00eda estatal inform\u00f3 adem\u00e1s que, en conjunto con la Guardia Nacional, las Comisiones Nacional de B\u00fasqueda y de Tamaulipas, la Coordinaci\u00f3n Nacional Antisecuestro y la Unidad Especializada en Combate al Secuestro de Tamaulipas, en la semana del 14 al 18 de febrero, se desarrollaron operativos de b\u00fasqueda en brechas y carreteras lim\u00edtrofes entre los estados de Coahuila, Nuevo Le\u00f3n y Tamaulipas, as\u00ed como en los lugares que de manera preliminar arrojaron la informaci\u00f3n del an\u00e1lisis de llamadas o conectividad del tel\u00e9fono de Pedro Carrizales Becerra.<\/p>\n\n\n\n<p>&#8220;Lo anterior permiti\u00f3 conocer, entre otras cosas, que el 03 de febrero aproximadamente a la 1:00 am ocurri\u00f3 un accidente automovil\u00edstico en el kil\u00f3metro 27 de la carretera Piedras Negras \u2013 Nuevo Laredo en los l\u00edmites de los estados de Nuevo Le\u00f3n y Tamaulipas, por lo que actualmente se est\u00e1 investigando ese hecho por parte de equipos multidisciplinarios de las Fiscal\u00edas Estatales&#8221;.&nbsp;<\/p>\n\n\n\n<p>&#8220;De igual forma, peritos de la Guardia Nacional, llevan a cabo peritajes en antropolog\u00eda, identificaci\u00f3n humana y gen\u00e9tica, y se est\u00e1 en espera de que concluyan a efecto de que emitan sus opiniones las instituciones involucradas en la investigaci\u00f3n de estos hechos&#8221;, agrega la informaci\u00f3n.<\/p>\n\n\n\n<p>En relaci\u00f3n con la informaci\u00f3n que circula en algunos medios de comunicaci\u00f3n y redes sociales, \u00e9sta en ning\u00fan momento ha sido difundida por las Fiscal\u00edas Generales de Justicia de los estados involucrados, por lo que inmediatamente que se tengan resultados contundentes de la intervenci\u00f3n pericial se comunicar\u00e1n a la familia directamente para garantizar sus derechos y guardar el debido sigilo de la investigaci\u00f3n.<\/p>\n\n\n\n<p>En un comunicado conjunto las cuatro Fiscal\u00edas informan que conforme fueron tomando conocimiento de los hechos, de manera particular y coordinada, efectuaron diversos actos de investigaci\u00f3n tendientes a su localizaci\u00f3n.&nbsp;<\/p>\n\n\n\n<p>En las investigaciones destacan solicitudes de informaci\u00f3n a los centros hospitalarios, de detenci\u00f3n, hoteles, bases de datos institucionales y todas aquellas instituciones p\u00fablicas y privadas que pudieran tener informaci\u00f3n.<\/p>\n","protected":false},"excerpt":{"rendered":"<p>Monterrey &#8211; En la b\u00fasqueda de &#8220;El Mijes&#8221;, equipos multidisciplinarios de las Fiscal\u00edas de Nuevo Le\u00f3n, San Luis Potos\u00ed, Coahuila y Tamaulipas investigan un accidente automovil\u00edstico en el kil\u00f3metro 27 de la carretera Piedras Negras &#8211; Nuevo Laredo.&nbsp; La Fiscal\u00eda estatal inform\u00f3 adem\u00e1s que, en conjunto con la Guardia Nacional, las Comisiones Nacional de B\u00fasqueda [&hellip;]<\/p>\n","protected":false},"author":1,"featured_media":72150,"comment_status":"open","ping_status":"open","sticky":true,"template":"","format":"standard","meta":{"footnotes":""},"categories":[3,7],"tags":[],"_links":{"self":[{"href":"https:\/\/diariodigitalmx.com\/index.php\/wp-json\/wp\/v2\/posts\/72148"}],"collection":[{"href":"https:\/\/diariodigitalmx.com\/index.php\/wp-json\/wp\/v2\/posts"}],"about":[{"href":"https:\/\/diariodigitalmx.com\/index.php\/wp-json\/wp\/v2\/types\/post"}],"author":[{"embeddable":true,"href":"https:\/\/diariodigitalmx.com\/index.php\/wp-json\/wp\/v2\/users\/1"}],"replies":[{"embeddable":true,"href":"https:\/\/diariodigitalmx.com\/index.php\/wp-json\/wp\/v2\/comments?post=72148"}],"version-history":[{"count":1,"href":"https:\/\/diariodigitalmx.com\/index.php\/wp-json\/wp\/v2\/posts\/72148\/revisions"}],"predecessor-version":[{"id":72149,"href":"https:\/\/diariodigitalmx.com\/index.php\/wp-json\/wp\/v2\/posts\/72148\/revisions\/72149"}],"wp:featuredmedia":[{"embeddable":true,"href":"https:\/\/diariodigitalmx.com\/index.php\/wp-json\/wp\/v2\/media\/72150"}],"wp:attachment":[{"href":"https:\/\/diariodigitalmx.com\/index.php\/wp-json\/wp\/v2\/media?parent=72148"}],"wp:term":[{"taxonomy":"category","embeddable":true,"href":"https:\/\/diariodigitalmx.com\/index.php\/wp-json\/wp\/v2\/categories?post=72148"},{"taxonomy":"post_tag","embeddable":true,"href":"https:\/\/diariodigitalmx.com\/index.php\/wp-json\/wp\/v2\/tags?post=72148"}],"curies":[{"name":"wp","href":"https:\/\/api.w.org\/{rel}","templated":true}]}}