{"id":72151,"date":"2022-02-28T13:52:29","date_gmt":"2022-02-28T19:52:29","guid":{"rendered":"http:\/\/diariodigitalmx.com\/?p=72151"},"modified":"2022-02-28T13:52:59","modified_gmt":"2022-02-28T19:52:59","slug":"estudiante-amenaza-con-atacar-plantel-cecyte","status":"publish","type":"post","link":"https:\/\/diariodigitalmx.com\/index.php\/2022\/02\/28\/estudiante-amenaza-con-atacar-plantel-cecyte\/","title":{"rendered":"Estudiante amenaza con atacar plantel CECYTE"},"content":{"rendered":"\n<p>Apodaca &#8211;&nbsp; Un estudiante de un plantel CECYTE en el municipio de Apodaca amenaz\u00f3 con acudir a clases armado, lo que origin\u00f3 que \u00e9stas se suspendieran.<\/p>\n\n\n\n<p>Asimismo, la amenaza caus\u00f3 alarma y movilizaci\u00f3n de los cuerpos de polic\u00eda.&nbsp;<\/p>\n\n\n\n<p>La Secretar\u00eda de Educaci\u00f3n de Nuevo Le\u00f3n inform\u00f3 que ante la presunta amenaza contra un plantel del Colegio de Estudios Cient\u00edficos y Tecnol\u00f3gicos, se procedi\u00f3 a la oportuna suspensi\u00f3n de clases como medida de prevenci\u00f3n.&nbsp;<\/p>\n\n\n\n<p>De acuerdo a los informes, el domingo c\u00edrculo en chats de alumnos, un reporte sobre un supuesto estudiante que acudir\u00eda armado al plantel, por lo que de inmediato se hizo del conocimiento a los padres de familia y autoridades competentes.&nbsp;<\/p>\n\n\n\n<p>En las orientas horas del lunes, directivos del plantel, personal de la Subsecretar\u00eda de Educaci\u00f3n Media Superior, y Seguridad P\u00fablica estatal acudieron a la instituci\u00f3n educativa para dar seguimiento al reporte.&nbsp;<\/p>\n\n\n\n<p>Se inform\u00f3 que han sido identificadas dos personas presuntamente involucradas con los hechos, quienes por ahora estar\u00e1n recibiendo atenci\u00f3n psicol\u00f3gica.&nbsp;<\/p>\n\n\n\n<p>La Secretar\u00eda de Educaci\u00f3n estatal conden\u00f3 cualquier acto de violencia que ponga en peligro la vida de las personas, y exhort\u00f3 a reportar toda situaci\u00f3n de riesgo al 9-1-1.&nbsp;<\/p>\n\n\n\n<p>El plantel se ubica en el municipio de Apodaca, al norte metropolitano, en la Avenida Concordia entre Calle E Cuarta y Calle E Sexta, en la Colonia Metroplex.<\/p>\n\n\n\n<p>Al lugar acudieron&nbsp; agentes ministeriales, de Fuerza Civil y municipales quienes entrevistaron sobre el tema a maestros y a algunos padres de familia.<\/p>\n\n\n\n<p>Extraoficialmente se sabe que el mensaje, acompa\u00f1ado con una foto de arma larga, fue enviado por un alumno que cursa el segundo semestre y quien ya ha sido identificado.<br><\/p>\n","protected":false},"excerpt":{"rendered":"<p>Apodaca &#8211;&nbsp; Un estudiante de un plantel CECYTE en el municipio de Apodaca amenaz\u00f3 con acudir a clases armado, lo que origin\u00f3 que \u00e9stas se suspendieran. Asimismo, la amenaza caus\u00f3 alarma y movilizaci\u00f3n de los cuerpos de polic\u00eda.&nbsp; La Secretar\u00eda de Educaci\u00f3n de Nuevo Le\u00f3n inform\u00f3 que ante la presunta amenaza contra un plantel del [&hellip;]<\/p>\n","protected":false},"author":1,"featured_media":72153,"comment_status":"open","ping_status":"open","sticky":true,"template":"","format":"standard","meta":{"footnotes":""},"categories":[14,7],"tags":[],"_links":{"self":[{"href":"https:\/\/diariodigitalmx.com\/index.php\/wp-json\/wp\/v2\/posts\/72151"}],"collection":[{"href":"https:\/\/diariodigitalmx.com\/index.php\/wp-json\/wp\/v2\/posts"}],"about":[{"href":"https:\/\/diariodigitalmx.com\/index.php\/wp-json\/wp\/v2\/types\/post"}],"author":[{"embeddable":true,"href":"https:\/\/diariodigitalmx.com\/index.php\/wp-json\/wp\/v2\/users\/1"}],"replies":[{"embeddable":true,"href":"https:\/\/diariodigitalmx.com\/index.php\/wp-json\/wp\/v2\/comments?post=72151"}],"version-history":[{"count":1,"href":"https:\/\/diariodigitalmx.com\/index.php\/wp-json\/wp\/v2\/posts\/72151\/revisions"}],"predecessor-version":[{"id":72152,"href":"https:\/\/diariodigitalmx.com\/index.php\/wp-json\/wp\/v2\/posts\/72151\/revisions\/72152"}],"wp:featuredmedia":[{"embeddable":true,"href":"https:\/\/diariodigitalmx.com\/index.php\/wp-json\/wp\/v2\/media\/72153"}],"wp:attachment":[{"href":"https:\/\/diariodigitalmx.com\/index.php\/wp-json\/wp\/v2\/media?parent=72151"}],"wp:term":[{"taxonomy":"category","embeddable":true,"href":"https:\/\/diariodigitalmx.com\/index.php\/wp-json\/wp\/v2\/categories?post=72151"},{"taxonomy":"post_tag","embeddable":true,"href":"https:\/\/diariodigitalmx.com\/index.php\/wp-json\/wp\/v2\/tags?post=72151"}],"curies":[{"name":"wp","href":"https:\/\/api.w.org\/{rel}","templated":true}]}}