{"id":72176,"date":"2022-03-01T07:42:51","date_gmt":"2022-03-01T13:42:51","guid":{"rendered":"http:\/\/diariodigitalmx.com\/?p=72176"},"modified":"2022-03-01T07:43:39","modified_gmt":"2022-03-01T13:43:39","slug":"amar-sin-mercadotecnia","status":"publish","type":"post","link":"https:\/\/diariodigitalmx.com\/index.php\/2022\/03\/01\/amar-sin-mercadotecnia\/","title":{"rendered":"Amar sin mercadotecnia"},"content":{"rendered":"\n<p>Clara Villarreal <\/p>\n\n\n\n<p>El \u00faltimo suspiro de nuestra vida no tendr\u00e1 retorno. \u00bfCu\u00e1ntas veces esperamos el mes de mayo para festejar a mam\u00e1? o \u00bfCu\u00e1ntas veces dejamos pasar grandes oportunidades para demostrar nuestro amor en d\u00edas comunes? Crear un d\u00eda especial a un ser querido o a quien amamos no es cuesti\u00f3n de fechas espec\u00edficas, solo es cuesti\u00f3n de amar sin mercadotecnia. Y cuando fluimos es cuando el amor se manifiesta y la renuncia aparece. Hace aproximadamente 30 a\u00f1os Pablo Ochoa, un tapat\u00edo escribi\u00f3 a su madre una canci\u00f3n donde le expresaba su reconocimiento por la gran labor que ella hab\u00eda hecho como madre. Pablo tocaba la guitarra como pasatiempo, pero ten\u00eda el don de escribir y logr\u00f3 darle m\u00fasica a un poema que se ha vuelto una oda a las madres. \u201cSembraste rosales, pensando en la flor y en su perfume y en su color, \/ y nunca pensaste que cada rosal tendr\u00edan espinas te hicieron sangrar, \/ el tiempo es muy sabio te supo ense\u00f1ar, tus a\u00f1os te dicen que hay que aceptar lo bueno y lo malo, la rosa y la espina, de cada rosal. \/ Gaviotas quisiste, echar a volar y las 6 ya vuelan en libertad, \/ las 6 llevan algo de ti en su volar, camina tranquila, supiste triunfar. \/ Yo se estas cansada de tanto esperar, quisieras sentarte a verlas volar cumpliste con ellas, cumpliste contigo, cumpliste con \u00e9l\u201d. Amar es entrega, es renuncia, es construcci\u00f3n, es comunicaci\u00f3n. En el amor no cabe el ego. No esperemos un 10 de mayo, un 30 abril, un tercer domingo del mes de junio para amar a nuestros seres queridos. La vida se va en cuesti\u00f3n de instantes y el \u00faltimo suspiro de nuestra vida no tendr\u00e1 retorno. Si no amamos hoy, entonces \u00bfcu\u00e1ndo? En memoria de Pablo Ochoa. Twitter: @claravillarreal&nbsp;<a>contacto@claravillarreal.com<\/a><\/p>\n","protected":false},"excerpt":{"rendered":"<p>Clara Villarreal El \u00faltimo suspiro de nuestra vida no tendr\u00e1 retorno. \u00bfCu\u00e1ntas veces esperamos el mes de mayo para festejar a mam\u00e1? o \u00bfCu\u00e1ntas veces dejamos pasar grandes oportunidades para demostrar nuestro amor en d\u00edas comunes? Crear un d\u00eda especial a un ser querido o a quien amamos no es cuesti\u00f3n de fechas espec\u00edficas, solo [&hellip;]<\/p>\n","protected":false},"author":1,"featured_media":71730,"comment_status":"open","ping_status":"open","sticky":true,"template":"","format":"standard","meta":{"footnotes":""},"categories":[14,12],"tags":[],"_links":{"self":[{"href":"https:\/\/diariodigitalmx.com\/index.php\/wp-json\/wp\/v2\/posts\/72176"}],"collection":[{"href":"https:\/\/diariodigitalmx.com\/index.php\/wp-json\/wp\/v2\/posts"}],"about":[{"href":"https:\/\/diariodigitalmx.com\/index.php\/wp-json\/wp\/v2\/types\/post"}],"author":[{"embeddable":true,"href":"https:\/\/diariodigitalmx.com\/index.php\/wp-json\/wp\/v2\/users\/1"}],"replies":[{"embeddable":true,"href":"https:\/\/diariodigitalmx.com\/index.php\/wp-json\/wp\/v2\/comments?post=72176"}],"version-history":[{"count":2,"href":"https:\/\/diariodigitalmx.com\/index.php\/wp-json\/wp\/v2\/posts\/72176\/revisions"}],"predecessor-version":[{"id":72178,"href":"https:\/\/diariodigitalmx.com\/index.php\/wp-json\/wp\/v2\/posts\/72176\/revisions\/72178"}],"wp:featuredmedia":[{"embeddable":true,"href":"https:\/\/diariodigitalmx.com\/index.php\/wp-json\/wp\/v2\/media\/71730"}],"wp:attachment":[{"href":"https:\/\/diariodigitalmx.com\/index.php\/wp-json\/wp\/v2\/media?parent=72176"}],"wp:term":[{"taxonomy":"category","embeddable":true,"href":"https:\/\/diariodigitalmx.com\/index.php\/wp-json\/wp\/v2\/categories?post=72176"},{"taxonomy":"post_tag","embeddable":true,"href":"https:\/\/diariodigitalmx.com\/index.php\/wp-json\/wp\/v2\/tags?post=72176"}],"curies":[{"name":"wp","href":"https:\/\/api.w.org\/{rel}","templated":true}]}}