{"id":72179,"date":"2022-03-01T07:49:00","date_gmt":"2022-03-01T13:49:00","guid":{"rendered":"http:\/\/diariodigitalmx.com\/?p=72179"},"modified":"2022-03-01T07:49:34","modified_gmt":"2022-03-01T13:49:34","slug":"salvar-al-pesqueria","status":"publish","type":"post","link":"https:\/\/diariodigitalmx.com\/index.php\/2022\/03\/01\/salvar-al-pesqueria\/","title":{"rendered":"Salvar al Pesquer\u00eda"},"content":{"rendered":"\n<p>\u00d3scar Tamez Rodr\u00edguez <\/p>\n\n\n\n<p>Un grupo de ciudadanos y autoridades trabajan desde finales del a\u00f1o 2021 en un proyecto para rescatar al r\u00edo Pesquer\u00eda ante la evidente contaminaci\u00f3n predominante a lo largo de su cauce. La m\u00e1s notoria se concentra en los municipios metropolitanos por donde pasa; en algunos de ellos existen viviendas irregulares y tiraderos de basura los cuales son altamente contaminantes, sin olvidar desechos residuales de empresas y otros drenajes que contribuyen a envenenar las aguas del r\u00edo. Otrora hemos conocido de im\u00e1genes donde la fauna (peces, aves) mueren a causa de la contaminaci\u00f3n en las aguas del r\u00edo. Lo que busca el colectivo es asumir la responsabilidad colegiada de limpiar lo que juntos contaminamos. El alcalde quien desde las primeras reuniones en diciembre mostr\u00f3 inter\u00e9s y compromiso, fue Luis Tijerina L\u00f3pez de Los Herreras; municipio que tiene a este r\u00edo como su principal afluente hidr\u00e1ulico y que por supuesto, la contaminaci\u00f3n de las aguas da\u00f1a las aguas de la zona. Al colectivo pertenecen adem\u00e1s de Tijerina L\u00f3pez, los alcaldes de Los Ramones y Los Aldamas; as\u00ed como activistas sociales y religiosos. Entre los organismos de la sociedad civil organizada se ubica \u201cAyuda a otros, somos iguales, AC\u201d y el \u201cMovimiento en defensa de la madre tierra y la vida\u201d. Son 14 puntos los que incluyen en el escrito dirigido al presidente, el gobernador y a todos los alcaldes por donde cruza el Pesquer\u00eda, incluidos los alcaldes firmantes. El colectivo pretende salvar al r\u00edo, buscan que se le declare como \u00e1rea natural protegida. No es una tarea sencilla revivirlo, se requiere cambio de h\u00e1bitos entre los ciudadanos, adem\u00e1s, que las empresas entiendan que matar la vida en el r\u00edo nos cobrar\u00e1 factura invariablemente. Urge, como solicitan los firmantes del colectivo, la supresi\u00f3n de basureros y tiraderos clandestinos en \u00e1reas donde habitan familias de los denominados carretoneros. Que comprendan estas familias, es su vida la que ponen en riesgo cada que tiran llantas, aceites y desechos de todo tipo a las faldas del Pesquer\u00eda. En entrevista al alcalde, \u00e9ste manifest\u00f3 su inter\u00e9s por empujar la iniciativa y lograr que el Pesquer\u00eda se convierta en un r\u00edo vivo. \u201cQueremos que llegue a Los Herreras el agua sin contaminantes, por nuestra parte nos comprometemos a evitar mayores contaminaciones de todo tipo, trabajamos con las familias para explicar que puede volverse una fuente de ingresos por el turismo, para ello hay que mantenerlo limpio y sin contaminaci\u00f3n\u201d, explic\u00f3 Tijerina L\u00f3pez. Es necesario que todos, vivamos o no en las cercan\u00edas del Pesquer\u00eda, contribuyamos a su recuperaci\u00f3n, el r\u00edo es una de las fuentes que llena a los vasos desde donde bebemos las familias regiomontanas. Esto lo convierte en asunto de todos. Son urgentes las plantas tratadoras que propone el colectivo, la reubicaci\u00f3n de las familias quienes viven en forma irregular en las m\u00e1rgenes del r\u00edo, la eliminaci\u00f3n de las descargas dom\u00e9sticas e industriales y la aplicaci\u00f3n de la ley a quienes contaminen sus aguas. Vivimos en estos momentos la falta de agua para beber, contaminar los r\u00edos agrava la situaci\u00f3n actual. Es momento de ser parte de la soluci\u00f3n ya que hist\u00f3ricamente hemos sido parte del problema. Mientras permitamos la contaminaci\u00f3n del Pesquer\u00eda, el Santa Catarina, el Elizondo o la Silla, el Ramos y otras fuentes de agua; cavamos nuestra propia destrucci\u00f3n, a\u00fan tenemos tiempo de revertir los da\u00f1os, no esperemos a que la afectaci\u00f3n sea irreversible. Que el ejemplo sirva, salvar nuestra flora y fauna en rededor de los r\u00edos es trabajar por nuestro futuro.<\/p>\n\n\n\n<p>estudiospoliticos.mx@gmail.com<\/p>\n","protected":false},"excerpt":{"rendered":"<p>\u00d3scar Tamez Rodr\u00edguez Un grupo de ciudadanos y autoridades trabajan desde finales del a\u00f1o 2021 en un proyecto para rescatar al r\u00edo Pesquer\u00eda ante la evidente contaminaci\u00f3n predominante a lo largo de su cauce. La m\u00e1s notoria se concentra en los municipios metropolitanos por donde pasa; en algunos de ellos existen viviendas irregulares y tiraderos [&hellip;]<\/p>\n","protected":false},"author":1,"featured_media":72181,"comment_status":"open","ping_status":"open","sticky":true,"template":"","format":"standard","meta":{"footnotes":""},"categories":[12,5],"tags":[],"_links":{"self":[{"href":"https:\/\/diariodigitalmx.com\/index.php\/wp-json\/wp\/v2\/posts\/72179"}],"collection":[{"href":"https:\/\/diariodigitalmx.com\/index.php\/wp-json\/wp\/v2\/posts"}],"about":[{"href":"https:\/\/diariodigitalmx.com\/index.php\/wp-json\/wp\/v2\/types\/post"}],"author":[{"embeddable":true,"href":"https:\/\/diariodigitalmx.com\/index.php\/wp-json\/wp\/v2\/users\/1"}],"replies":[{"embeddable":true,"href":"https:\/\/diariodigitalmx.com\/index.php\/wp-json\/wp\/v2\/comments?post=72179"}],"version-history":[{"count":1,"href":"https:\/\/diariodigitalmx.com\/index.php\/wp-json\/wp\/v2\/posts\/72179\/revisions"}],"predecessor-version":[{"id":72180,"href":"https:\/\/diariodigitalmx.com\/index.php\/wp-json\/wp\/v2\/posts\/72179\/revisions\/72180"}],"wp:featuredmedia":[{"embeddable":true,"href":"https:\/\/diariodigitalmx.com\/index.php\/wp-json\/wp\/v2\/media\/72181"}],"wp:attachment":[{"href":"https:\/\/diariodigitalmx.com\/index.php\/wp-json\/wp\/v2\/media?parent=72179"}],"wp:term":[{"taxonomy":"category","embeddable":true,"href":"https:\/\/diariodigitalmx.com\/index.php\/wp-json\/wp\/v2\/categories?post=72179"},{"taxonomy":"post_tag","embeddable":true,"href":"https:\/\/diariodigitalmx.com\/index.php\/wp-json\/wp\/v2\/tags?post=72179"}],"curies":[{"name":"wp","href":"https:\/\/api.w.org\/{rel}","templated":true}]}}