{"id":72187,"date":"2022-03-01T11:52:42","date_gmt":"2022-03-01T17:52:42","guid":{"rendered":"http:\/\/diariodigitalmx.com\/?p=72187"},"modified":"2022-03-01T11:53:20","modified_gmt":"2022-03-01T17:53:20","slug":"propone-waldo-fernandez-congelar-prima-de-seguros-y-gastos-mayores","status":"publish","type":"post","link":"https:\/\/diariodigitalmx.com\/index.php\/2022\/03\/01\/propone-waldo-fernandez-congelar-prima-de-seguros-y-gastos-mayores\/","title":{"rendered":"Propone Waldo Fern\u00e1ndez congelar prima de seguros y gastos mayores"},"content":{"rendered":"\n<p>Monterrey- El diputado Waldo Fern\u00e1ndez present\u00f3 una iniciativa de reforma que tiene como objetivo congelar el precio de las primas de los seguros y gastos m\u00e9dicos mayores cuando el asegurado haya renovado el contrato respectivo por m\u00e1s de veinte a\u00f1os, y tenga m\u00e1s de 60 a\u00f1os de edad, incrementando s\u00f3lo conforme a la inflaci\u00f3n.&nbsp;<\/p>\n\n\n\n<p>Lo anterior, al considerar los precios relacionados con los seguros de gastos m\u00e9dicos mayores excesivos y sin que existan topes a los incrementos aplicados,&nbsp;<\/p>\n\n\n\n<p>Tambi\u00e9n incluy\u00f3 que las instituciones de seguros determinen sobre bases t\u00e9cnicas, las primas netas de riesgo garantizando el cumplimiento de las obligaciones se\u00f1aladas en la Ley sobre el Contrato de Seguro.<\/p>\n\n\n\n<p>\u201cUno de los problemas m\u00e1s graves que observamos en la contrataci\u00f3n de los llamados \u201cseguros de gastos m\u00e9dicos mayores\u201d se refiere al hecho de que su costo es cada vez m\u00e1s alto y los precios de los mismos aumentan considerablemente en la medida en que el asegurado envejece, sin que exista un tope a dichos incrementos, con lo cual, los asegurados terminan por desistir de renovar sus p\u00f3lizas de seguro al volverse impagables, perdiendo con ello los derechos que fueron acumulando en raz\u00f3n de su antig\u00fcedad en el servicio\u201d coment\u00f3 Fern\u00e1ndez.<\/p>\n\n\n\n<p>\u201cA diferencia de los seguros de vida, no existen seguros de gastos m\u00e9dicos de largo plazo, con primas niveladas, que protegen al asegurado de estos incrementos siempre que permanezca con la misma compa\u00f1\u00eda\u201d, agreg\u00f3 el legislador.<\/p>\n\n\n\n<p>Por eso y para darle fin al abuso en este \u00e1mbito, Waldo Fern\u00e1ndez invit\u00f3 a la ciudadan\u00eda a respaldar la iniciativa y buscar a sus diputados y diputadas locales para que la voten a favor.&nbsp;<\/p>\n\n\n\n<p>Adelant\u00f3 que si la iniciativa es aprobada, ser\u00e1 enviada al Congreso federal donde tiene m\u00e1s posibilidades si es validada por un Congreso local.<\/p>\n","protected":false},"excerpt":{"rendered":"<p>Monterrey- El diputado Waldo Fern\u00e1ndez present\u00f3 una iniciativa de reforma que tiene como objetivo congelar el precio de las primas de los seguros y gastos m\u00e9dicos mayores cuando el asegurado haya renovado el contrato respectivo por m\u00e1s de veinte a\u00f1os, y tenga m\u00e1s de 60 a\u00f1os de edad, incrementando s\u00f3lo conforme a la inflaci\u00f3n.&nbsp; Lo [&hellip;]<\/p>\n","protected":false},"author":1,"featured_media":72189,"comment_status":"open","ping_status":"open","sticky":true,"template":"","format":"standard","meta":{"footnotes":""},"categories":[6,3],"tags":[],"_links":{"self":[{"href":"https:\/\/diariodigitalmx.com\/index.php\/wp-json\/wp\/v2\/posts\/72187"}],"collection":[{"href":"https:\/\/diariodigitalmx.com\/index.php\/wp-json\/wp\/v2\/posts"}],"about":[{"href":"https:\/\/diariodigitalmx.com\/index.php\/wp-json\/wp\/v2\/types\/post"}],"author":[{"embeddable":true,"href":"https:\/\/diariodigitalmx.com\/index.php\/wp-json\/wp\/v2\/users\/1"}],"replies":[{"embeddable":true,"href":"https:\/\/diariodigitalmx.com\/index.php\/wp-json\/wp\/v2\/comments?post=72187"}],"version-history":[{"count":2,"href":"https:\/\/diariodigitalmx.com\/index.php\/wp-json\/wp\/v2\/posts\/72187\/revisions"}],"predecessor-version":[{"id":72190,"href":"https:\/\/diariodigitalmx.com\/index.php\/wp-json\/wp\/v2\/posts\/72187\/revisions\/72190"}],"wp:featuredmedia":[{"embeddable":true,"href":"https:\/\/diariodigitalmx.com\/index.php\/wp-json\/wp\/v2\/media\/72189"}],"wp:attachment":[{"href":"https:\/\/diariodigitalmx.com\/index.php\/wp-json\/wp\/v2\/media?parent=72187"}],"wp:term":[{"taxonomy":"category","embeddable":true,"href":"https:\/\/diariodigitalmx.com\/index.php\/wp-json\/wp\/v2\/categories?post=72187"},{"taxonomy":"post_tag","embeddable":true,"href":"https:\/\/diariodigitalmx.com\/index.php\/wp-json\/wp\/v2\/tags?post=72187"}],"curies":[{"name":"wp","href":"https:\/\/api.w.org\/{rel}","templated":true}]}}