{"id":72210,"date":"2022-03-02T07:12:44","date_gmt":"2022-03-02T13:12:44","guid":{"rendered":"http:\/\/diariodigitalmx.com\/?p=72210"},"modified":"2022-03-02T07:13:25","modified_gmt":"2022-03-02T13:13:25","slug":"no-toda-la-culpa-es-de-aldo-fasci","status":"publish","type":"post","link":"https:\/\/diariodigitalmx.com\/index.php\/2022\/03\/02\/no-toda-la-culpa-es-de-aldo-fasci\/","title":{"rendered":"No toda la culpa es de Aldo Fasci"},"content":{"rendered":"\n<p><\/p>\n\n\n\n<p>Por Salvador Hern\u00e1ndez <strong><em>LANDEROS<\/em><\/strong><\/p>\n\n\n\n<p>De acuerdo. <strong><em>A lo mejor Aldo Fasci Zuazua no es el super polic\u00eda que requiere<\/em><\/strong> <strong><em>el Estado de Nuevo Le\u00f3n, pero de no ser \u00e9l, qui\u00e9n lo podr\u00eda sustituir<\/em><\/strong>.<\/p>\n\n\n\n<p>En el \u00e1rea metropolitana, adem\u00e1s de Monterrey, la capital del Estado, hay otros ocho municipios. <strong><em>\u00bfAcaso se saben el nombre de los 9 secretarios de seguridad?<\/em><\/strong><\/p>\n\n\n\n<p><strong><em>No hay sector, barrio o colonia de esos municipios donde a diario se cometa un delito<\/em><\/strong>. Cuando no es una ejecuci\u00f3n, es el robo de un auto u otro il\u00edcito.<\/p>\n\n\n\n<p><strong><em>Por permanencia en el cargo, se sabe que <\/em><\/strong>Jos\u00e9 Mart\u00edn Doria Mata<strong><em> es secretario de Seguridad de San Nicol\u00e1s y, el <\/em><\/strong>General Hermelindo Lara<strong><em>, en Escobedo<\/em><\/strong>.<\/p>\n\n\n\n<p>No se conocen proyectos claros que sobre seguridad p\u00fablica tiene Monterrey, Guadalupe, Apodaca, San Pedro, Garc\u00eda, Cadereyta o Villa de Santiago. \u00bfO s\u00ed?<\/p>\n\n\n\n<p>La Ley Nacional del Secretariado de Seguridad no establece que el Estado sea el rector de seguridad p\u00fablica, vamos, ni siquiera por la jerarqu\u00eda constitucional.<\/p>\n\n\n\n<p>En los municipios metropolitanos tienen sus polic\u00edas propios. <strong><em>Jefe, patrullas, armas y elementos a quienes se les paga su sueldo para prevenir los delitos<\/em><\/strong>.<\/p>\n\n\n\n<p><strong><em>Aldo no es polic\u00eda, no tiene vocaci\u00f3n ni adiestramiento policial. No viste uniforme y hace bien. Si lo hiciera, ofender\u00eda a la instituci\u00f3n y sus elementos<\/em><\/strong>.<\/p>\n\n\n\n<p>Lo que hace Fasci Zuazua <strong><em>es ser buen comunicador y \u201capechugar\u201d las criticas de los improvisados cr\u00edticos.<\/em><\/strong> Eso es un m\u00e9rito que debemos reconocerle.<\/p>\n\n\n\n<p>Da la cara por quienes la esconden. <strong><em>Un ejemplo, los cuerpos encontrados en Escobedo donde el responsable, el General Lara, lleva 12 a\u00f1os en el cargo<\/em><\/strong>.<\/p>\n\n\n\n<p><strong><em>Otro punto a favor de Aldo es su pertenencia aqu\u00ed donde est\u00e1n sus ra\u00edces<\/em><\/strong>. No es \u201cgaviota\u201d, como los ha habido. Cometen sus fechor\u00edas y se van. A c\u00f3mo est\u00e1n las cosas,<strong><em> mejor ni moverle.<\/em><\/strong><\/p>\n\n\n\n<p><a href=\"mailto:chavalolanderos@yahoo.com.mx\">chavalolanderos@yahoo.com.mx<\/a><\/p>\n","protected":false},"excerpt":{"rendered":"<p>Por Salvador Hern\u00e1ndez LANDEROS De acuerdo. A lo mejor Aldo Fasci Zuazua no es el super polic\u00eda que requiere el Estado de Nuevo Le\u00f3n, pero de no ser \u00e9l, qui\u00e9n lo podr\u00eda sustituir. En el \u00e1rea metropolitana, adem\u00e1s de Monterrey, la capital del Estado, hay otros ocho municipios. \u00bfAcaso se saben el nombre de los [&hellip;]<\/p>\n","protected":false},"author":1,"featured_media":72212,"comment_status":"open","ping_status":"open","sticky":true,"template":"","format":"standard","meta":{"footnotes":""},"categories":[12,5],"tags":[],"_links":{"self":[{"href":"https:\/\/diariodigitalmx.com\/index.php\/wp-json\/wp\/v2\/posts\/72210"}],"collection":[{"href":"https:\/\/diariodigitalmx.com\/index.php\/wp-json\/wp\/v2\/posts"}],"about":[{"href":"https:\/\/diariodigitalmx.com\/index.php\/wp-json\/wp\/v2\/types\/post"}],"author":[{"embeddable":true,"href":"https:\/\/diariodigitalmx.com\/index.php\/wp-json\/wp\/v2\/users\/1"}],"replies":[{"embeddable":true,"href":"https:\/\/diariodigitalmx.com\/index.php\/wp-json\/wp\/v2\/comments?post=72210"}],"version-history":[{"count":1,"href":"https:\/\/diariodigitalmx.com\/index.php\/wp-json\/wp\/v2\/posts\/72210\/revisions"}],"predecessor-version":[{"id":72211,"href":"https:\/\/diariodigitalmx.com\/index.php\/wp-json\/wp\/v2\/posts\/72210\/revisions\/72211"}],"wp:featuredmedia":[{"embeddable":true,"href":"https:\/\/diariodigitalmx.com\/index.php\/wp-json\/wp\/v2\/media\/72212"}],"wp:attachment":[{"href":"https:\/\/diariodigitalmx.com\/index.php\/wp-json\/wp\/v2\/media?parent=72210"}],"wp:term":[{"taxonomy":"category","embeddable":true,"href":"https:\/\/diariodigitalmx.com\/index.php\/wp-json\/wp\/v2\/categories?post=72210"},{"taxonomy":"post_tag","embeddable":true,"href":"https:\/\/diariodigitalmx.com\/index.php\/wp-json\/wp\/v2\/tags?post=72210"}],"curies":[{"name":"wp","href":"https:\/\/api.w.org\/{rel}","templated":true}]}}