{"id":72227,"date":"2022-03-02T12:56:24","date_gmt":"2022-03-02T18:56:24","guid":{"rendered":"http:\/\/diariodigitalmx.com\/?p=72227"},"modified":"2022-03-02T12:56:55","modified_gmt":"2022-03-02T18:56:55","slug":"nl-donde-mas-se-discrimina-castas-y-ciudadanos-de-primera-y-segunda","status":"publish","type":"post","link":"https:\/\/diariodigitalmx.com\/index.php\/2022\/03\/02\/nl-donde-mas-se-discrimina-castas-y-ciudadanos-de-primera-y-segunda\/","title":{"rendered":"NL donde m\u00e1s se discrimina; castas y ciudadanos de primera y segunda"},"content":{"rendered":"\n<p>Walter Elizondo&nbsp;<\/p>\n\n\n\n<p>Monterrey &#8211; El estado donde m\u00e1s se discrimina es Nuevo Le\u00f3n, seg\u00fan el gobernador Samuel Garc\u00eda Sep\u00falveda.&nbsp;<\/p>\n\n\n\n<p>Las revelaciones las hizo el gobernante al revelar que vecinos del sur de Monterrey que rechazan la L\u00ednea 5 del Metro, no quieren que por sus colonias pasen habitantes de sectores populares para acudir a tomar ese sistema de transporte.&nbsp;<\/p>\n\n\n\n<p>Asegura que&nbsp; ha sido testigo de que entre algunos ciudadanos prevalece la idea de que hay &#8220;castas o ciudadanos de primera y de segunda&#8221;.<\/p>\n\n\n\n<p>Dice que algunos vecinos del sur de Monterrey han compartido en sus chats que deben oponerse&nbsp; al Metro porque implicar\u00eda que los vecinos de San \u00c1ngel Sur ( sector popular) bajaran por sus colonias a la Avenida Garza Sada para abordar ese sistema de transporte colectivo.<\/p>\n\n\n\n<p>En este sentido, lament\u00f3 que Nuevo Le\u00f3n sea el estado que m\u00e1s discrimina.&nbsp;<\/p>\n\n\n\n<p>Garc\u00eda Sep\u00falveda asisti\u00f3 al evento&nbsp;&nbsp;&#8220;Nueva Ruta: incluir para ser iguales&#8221;, y subray\u00f3 que le duele decirlo, pero es real.<\/p>\n\n\n\n<p>Se pronunci\u00f3 por un cambio de mentalidad para lograr un desarrollo efectivo como Estado y tiene confianza en que el nuevo programa con el que se pretende erradicar el hambre y la pobreza extrema sea un \u00e9xito.&nbsp;<\/p>\n\n\n\n<p>Los vecinos del sur de Monterrey quieren la obra del Metro subterr\u00e1nea, de otra manera, la rechazan pues consideran que afea el sector y perjudica a los negocios, adem\u00e1s de despreciar sus propiedades.&nbsp;<\/p>\n","protected":false},"excerpt":{"rendered":"<p>Walter Elizondo&nbsp; Monterrey &#8211; El estado donde m\u00e1s se discrimina es Nuevo Le\u00f3n, seg\u00fan el gobernador Samuel Garc\u00eda Sep\u00falveda.&nbsp; Las revelaciones las hizo el gobernante al revelar que vecinos del sur de Monterrey que rechazan la L\u00ednea 5 del Metro, no quieren que por sus colonias pasen habitantes de sectores populares para acudir a tomar [&hellip;]<\/p>\n","protected":false},"author":1,"featured_media":72229,"comment_status":"open","ping_status":"open","sticky":true,"template":"","format":"standard","meta":{"footnotes":""},"categories":[6,3],"tags":[],"_links":{"self":[{"href":"https:\/\/diariodigitalmx.com\/index.php\/wp-json\/wp\/v2\/posts\/72227"}],"collection":[{"href":"https:\/\/diariodigitalmx.com\/index.php\/wp-json\/wp\/v2\/posts"}],"about":[{"href":"https:\/\/diariodigitalmx.com\/index.php\/wp-json\/wp\/v2\/types\/post"}],"author":[{"embeddable":true,"href":"https:\/\/diariodigitalmx.com\/index.php\/wp-json\/wp\/v2\/users\/1"}],"replies":[{"embeddable":true,"href":"https:\/\/diariodigitalmx.com\/index.php\/wp-json\/wp\/v2\/comments?post=72227"}],"version-history":[{"count":2,"href":"https:\/\/diariodigitalmx.com\/index.php\/wp-json\/wp\/v2\/posts\/72227\/revisions"}],"predecessor-version":[{"id":72230,"href":"https:\/\/diariodigitalmx.com\/index.php\/wp-json\/wp\/v2\/posts\/72227\/revisions\/72230"}],"wp:featuredmedia":[{"embeddable":true,"href":"https:\/\/diariodigitalmx.com\/index.php\/wp-json\/wp\/v2\/media\/72229"}],"wp:attachment":[{"href":"https:\/\/diariodigitalmx.com\/index.php\/wp-json\/wp\/v2\/media?parent=72227"}],"wp:term":[{"taxonomy":"category","embeddable":true,"href":"https:\/\/diariodigitalmx.com\/index.php\/wp-json\/wp\/v2\/categories?post=72227"},{"taxonomy":"post_tag","embeddable":true,"href":"https:\/\/diariodigitalmx.com\/index.php\/wp-json\/wp\/v2\/tags?post=72227"}],"curies":[{"name":"wp","href":"https:\/\/api.w.org\/{rel}","templated":true}]}}