{"id":72231,"date":"2022-03-02T18:40:26","date_gmt":"2022-03-03T00:40:26","guid":{"rendered":"http:\/\/diariodigitalmx.com\/?p=72231"},"modified":"2022-03-02T18:41:32","modified_gmt":"2022-03-03T00:41:32","slug":"tiene-mayor-vigencia-tratado-contra-armas-nucleares-la-paz-y-la-cooperacion-vitales-garza-ochoa","status":"publish","type":"post","link":"https:\/\/diariodigitalmx.com\/index.php\/2022\/03\/02\/tiene-mayor-vigencia-tratado-contra-armas-nucleares-la-paz-y-la-cooperacion-vitales-garza-ochoa\/","title":{"rendered":"Tiene mayor vigencia tratado contra armas nucleares; la paz y la cooperaci\u00f3n vitales: Garza Ochoa"},"content":{"rendered":"\n<p>El diputado federal y presidente del CDE del PRI en Nuevo Le\u00f3n, Jos\u00e9 Luis Garza Ochoa, respald\u00f3 el Tratado de No Proliferaci\u00f3n de Armas Nucleares suscrito en Ginebra Suiza.&nbsp;<\/p>\n\n\n\n<p>Record\u00f3 que el pr\u00f3ximo 5 de marzo, alrededor de 190 pa\u00edses de todo el mundo conmemoran la entrada en vigor de este acuerdo que tiene como finalidad organizar la capacidad de los pa\u00edses en beneficio de la seguridad global y la contenci\u00f3n de riesgos.<\/p>\n\n\n\n<p>Refiri\u00f3 que el fondo de este esfuerzo es mantener un equilibrio que comprometa a las naciones a no asistir, fomentar o inducir a ning\u00fan pa\u00eds a participar en el desarrollo de armas nucleares.<\/p>\n\n\n\n<figure class=\"wp-block-image size-large\"><img loading=\"lazy\" decoding=\"async\" width=\"1024\" height=\"683\" src=\"http:\/\/diariodigitalmx.com\/wp-content\/uploads\/2022\/03\/Josei-Luia-2.jpg\" alt=\"\" class=\"wp-image-72235\" srcset=\"https:\/\/diariodigitalmx.com\/wp-content\/uploads\/2022\/03\/Josei-Luia-2.jpg 1024w, https:\/\/diariodigitalmx.com\/wp-content\/uploads\/2022\/03\/Josei-Luia-2-300x200.jpg 300w, https:\/\/diariodigitalmx.com\/wp-content\/uploads\/2022\/03\/Josei-Luia-2-768x512.jpg 768w\" sizes=\"(max-width: 1024px) 100vw, 1024px\" \/><\/figure>\n\n\n\n<p>Sin embargo, mencion\u00f3 que&nbsp; actualmente el entorno de la seguridad global est\u00e1 en un estado complejo, en el cual, el mundo atraviesa conflictos cr\u00edticos que representan una amenaza para tratados como este y para la agenda estrat\u00e9gica de armas nucleares.<\/p>\n\n\n\n<p>Ante estos hechos es importante reflexionar sobre la necesidad de evitar tensiones irreversibles que no se puedan solucionar a trav\u00e9s de la diplomacia o la pol\u00edtica, recomend\u00f3 Garza Ochoa.&nbsp;<\/p>\n\n\n\n<p>Este tratado ha tenido efectos positivos en la creaci\u00f3n de organismos como el de la Proscripci\u00f3n de las Armas Nucleares en Am\u00e9rica Latina y el Caribe, para dar seguimiento a las relaciones de los pa\u00edses de la regi\u00f3n y generar estabilidad estrat\u00e9gica basada en la paz y la cooperaci\u00f3n, concluy\u00f3.<\/p>\n","protected":false},"excerpt":{"rendered":"<p>El diputado federal y presidente del CDE del PRI en Nuevo Le\u00f3n, Jos\u00e9 Luis Garza Ochoa, respald\u00f3 el Tratado de No Proliferaci\u00f3n de Armas Nucleares suscrito en Ginebra Suiza.&nbsp; Record\u00f3 que el pr\u00f3ximo 5 de marzo, alrededor de 190 pa\u00edses de todo el mundo conmemoran la entrada en vigor de este acuerdo que tiene como [&hellip;]<\/p>\n","protected":false},"author":1,"featured_media":72233,"comment_status":"open","ping_status":"open","sticky":true,"template":"","format":"standard","meta":{"footnotes":""},"categories":[14,6],"tags":[],"_links":{"self":[{"href":"https:\/\/diariodigitalmx.com\/index.php\/wp-json\/wp\/v2\/posts\/72231"}],"collection":[{"href":"https:\/\/diariodigitalmx.com\/index.php\/wp-json\/wp\/v2\/posts"}],"about":[{"href":"https:\/\/diariodigitalmx.com\/index.php\/wp-json\/wp\/v2\/types\/post"}],"author":[{"embeddable":true,"href":"https:\/\/diariodigitalmx.com\/index.php\/wp-json\/wp\/v2\/users\/1"}],"replies":[{"embeddable":true,"href":"https:\/\/diariodigitalmx.com\/index.php\/wp-json\/wp\/v2\/comments?post=72231"}],"version-history":[{"count":3,"href":"https:\/\/diariodigitalmx.com\/index.php\/wp-json\/wp\/v2\/posts\/72231\/revisions"}],"predecessor-version":[{"id":72236,"href":"https:\/\/diariodigitalmx.com\/index.php\/wp-json\/wp\/v2\/posts\/72231\/revisions\/72236"}],"wp:featuredmedia":[{"embeddable":true,"href":"https:\/\/diariodigitalmx.com\/index.php\/wp-json\/wp\/v2\/media\/72233"}],"wp:attachment":[{"href":"https:\/\/diariodigitalmx.com\/index.php\/wp-json\/wp\/v2\/media?parent=72231"}],"wp:term":[{"taxonomy":"category","embeddable":true,"href":"https:\/\/diariodigitalmx.com\/index.php\/wp-json\/wp\/v2\/categories?post=72231"},{"taxonomy":"post_tag","embeddable":true,"href":"https:\/\/diariodigitalmx.com\/index.php\/wp-json\/wp\/v2\/tags?post=72231"}],"curies":[{"name":"wp","href":"https:\/\/api.w.org\/{rel}","templated":true}]}}