{"id":7225,"date":"2019-07-03T18:47:09","date_gmt":"2019-07-03T23:47:09","guid":{"rendered":"http:\/\/diariodigitalmx.com\/?p=7225"},"modified":"2019-07-03T18:47:11","modified_gmt":"2019-07-03T23:47:11","slug":"dice-trump-que-mexico-hace-mas-que-los-democratas-en-la-frontera","status":"publish","type":"post","link":"https:\/\/diariodigitalmx.com\/index.php\/2019\/07\/03\/dice-trump-que-mexico-hace-mas-que-los-democratas-en-la-frontera\/","title":{"rendered":"Dice Trump que M\u00e9xico hace m\u00e1s que los dem\u00f3cratas en la frontera"},"content":{"rendered":"\n<p>El presidente&nbsp;<strong>Donald\nTrump&nbsp;<\/strong>afirm\u00f3 en Twitter que M\u00e9xico est\u00e1 haciendo mejor\ntrabajo que los dem\u00f3cratas en la frontera y agradeci\u00f3 al pa\u00eds por eso.<\/p>\n\n\n\n<p>Esta no es la primera vez que\nel mandatario estadounidense agradece a su vecino del sur por contener el flujo\nmigratorio que a finales de mayo provoc\u00f3 que&nbsp;<strong>amenazara<\/strong>&nbsp;a\nM\u00e9xico con la&nbsp;<strong>imposici\u00f3n<\/strong>&nbsp;de&nbsp;<strong>aranceles<\/strong>&nbsp;de\nno revertir las cifras de personas que cruzan&nbsp;<strong>ilegalmente<\/strong>&nbsp;a\nEstados Unidos.<\/p>\n\n\n\n<p>El lunes pasado,&nbsp;<a href=\"https:\/\/twitter.com\/realDonaldTrump\">Trump<\/a>&nbsp;anunci\u00f3 que\nlos&nbsp;<strong>aranceles<\/strong>&nbsp;contra\nM\u00e9xico est\u00e1n&nbsp;<strong>fuera de consideraci\u00f3n<\/strong>&nbsp;debido\na los esfuerzos del gobierno de&nbsp;<a href=\"https:\/\/twitter.com\/lopezobrador_\">Andr\u00e9s Manuel L\u00f3pez\nObrador<\/a>&nbsp;para detener el flujo de migrantes por su territorio.<\/p>\n\n\n\n<p>\u201cM\u00e9xico est\u00e1 haciendo un&nbsp;<strong>gran\ntrabajo<\/strong>&nbsp;y los esfuerzos del pa\u00eds han tenido un impacto&nbsp;<strong>muy\ngrande<\/strong>&nbsp;en la migraci\u00f3n\u201d, dijo a periodistas en la Casa\nBlanca, despu\u00e9s de la firma de un paquete de ayuda por&nbsp;<strong>cuatro\nmil 600 millones de d\u00f3lares&nbsp;<\/strong>para enfrentar el incremento\nde migrantes.<\/p>\n","protected":false},"excerpt":{"rendered":"<p>El presidente&nbsp;Donald Trump&nbsp;afirm\u00f3 en Twitter que M\u00e9xico est\u00e1 haciendo mejor trabajo que los dem\u00f3cratas en la frontera y agradeci\u00f3 al pa\u00eds por eso. Esta no es la primera vez que el mandatario estadounidense agradece a su vecino del sur por contener el flujo migratorio que a finales de mayo provoc\u00f3 que&nbsp;amenazara&nbsp;a M\u00e9xico con la&nbsp;imposici\u00f3n&nbsp;de&nbsp;aranceles&nbsp;de no [&hellip;]<\/p>\n","protected":false},"author":1,"featured_media":7227,"comment_status":"open","ping_status":"open","sticky":true,"template":"","format":"standard","meta":{"footnotes":""},"categories":[4],"tags":[],"_links":{"self":[{"href":"https:\/\/diariodigitalmx.com\/index.php\/wp-json\/wp\/v2\/posts\/7225"}],"collection":[{"href":"https:\/\/diariodigitalmx.com\/index.php\/wp-json\/wp\/v2\/posts"}],"about":[{"href":"https:\/\/diariodigitalmx.com\/index.php\/wp-json\/wp\/v2\/types\/post"}],"author":[{"embeddable":true,"href":"https:\/\/diariodigitalmx.com\/index.php\/wp-json\/wp\/v2\/users\/1"}],"replies":[{"embeddable":true,"href":"https:\/\/diariodigitalmx.com\/index.php\/wp-json\/wp\/v2\/comments?post=7225"}],"version-history":[{"count":1,"href":"https:\/\/diariodigitalmx.com\/index.php\/wp-json\/wp\/v2\/posts\/7225\/revisions"}],"predecessor-version":[{"id":7226,"href":"https:\/\/diariodigitalmx.com\/index.php\/wp-json\/wp\/v2\/posts\/7225\/revisions\/7226"}],"wp:featuredmedia":[{"embeddable":true,"href":"https:\/\/diariodigitalmx.com\/index.php\/wp-json\/wp\/v2\/media\/7227"}],"wp:attachment":[{"href":"https:\/\/diariodigitalmx.com\/index.php\/wp-json\/wp\/v2\/media?parent=7225"}],"wp:term":[{"taxonomy":"category","embeddable":true,"href":"https:\/\/diariodigitalmx.com\/index.php\/wp-json\/wp\/v2\/categories?post=7225"},{"taxonomy":"post_tag","embeddable":true,"href":"https:\/\/diariodigitalmx.com\/index.php\/wp-json\/wp\/v2\/tags?post=7225"}],"curies":[{"name":"wp","href":"https:\/\/api.w.org\/{rel}","templated":true}]}}