{"id":7228,"date":"2019-07-03T18:53:02","date_gmt":"2019-07-03T23:53:02","guid":{"rendered":"http:\/\/diariodigitalmx.com\/?p=7228"},"modified":"2019-07-03T18:54:25","modified_gmt":"2019-07-03T23:54:25","slug":"la-primera-mujer-en-tomar-las-riendas-de-europa","status":"publish","type":"post","link":"https:\/\/diariodigitalmx.com\/index.php\/2019\/07\/03\/la-primera-mujer-en-tomar-las-riendas-de-europa\/","title":{"rendered":"La primera mujer en tomar las riendas de Europa"},"content":{"rendered":"\n<p><em>*Pol\u00edticas\nde centroderecha, listas para enfrentar a los movimientos nacionalistas del\nbloque; Christine Lagarde deja el FMI para dirigir el Banco Central; Espa\u00f1a\nvuelve a los altos cargos tras ausencia de 15 a\u00f1os<\/em><\/p>\n\n\n\n<p>Tres\nintensos d\u00edas de negociaci\u00f3n y enfrentamientos entre mandatarios europeos\narrojaron, contra todo pron\u00f3stico, una nueva planilla de l\u00edderes de la UE, que\npor primera vez en la historia respeta el principio de paridad de g\u00e9nero, con\ndos mujeres en los principales cargos.<\/p>\n\n\n\n<p>De\nesta manera, la actual ministra de Defensa de Alemania, \u00darsula von der Leyen,\nfue designada para convertirse en la primera mujer que preside la Comisi\u00f3n\nEuropea (CE), desde su creaci\u00f3n, en 1958.<\/p>\n\n\n\n<p>La\nnominaci\u00f3n de Von der Leyen se dio con todo y que la canciller alemana, Angela\nMerkel, se abstuvo de darle su apoyo porque los socialistas de su gobierno no\nrespaldaban el nombramiento.<\/p>\n\n\n\n<p>Aunque\nla aprobaci\u00f3n definitiva depende del Parlamento Europeo, se prev\u00e9 que la\nalemana sea ratificada, al ser una figura del&nbsp;<em>establishment<\/em>,\nno identificada con ninguna de las figuras propuestas previamente y que\npolarizaron a los l\u00edderes.<\/p>\n\n\n\n<p>En la\nmisma l\u00ednea,&nbsp;la francesa Christine Lagarde,\ndirectora gerente del Fondo Monetario Internacional (FMI), ser\u00e1 la primera\nmujer que presida el Banco Central Europeo (BCE), su cargo tambi\u00e9n pasar\u00e1 por\nla sanci\u00f3n de la Euroc\u00e1mara.<\/p>\n\n\n\n<p>El acuerdo de los gobernantes del Viejo Continente incluye al espa\u00f1ol Josep Borrell, ministro de Exteriores de Madrid en funciones, para asumir la Pol\u00edtica Exterior de la Uni\u00f3n Europea. Adem\u00e1s, el socialista holand\u00e9s Frans Timmermans y la liberal danesa Margrethe Vestager, quienes se sit\u00faan como vicepresidentes de la Comisi\u00f3n.<\/p>\n\n\n\n<p>\u201cEstoy muy satisfecho por haber logrado el acuerdo y tambi\u00e9n por incluir a dos mujeres. Vali\u00f3 la pena la espera\u201d, celebr\u00f3 el actual presidente del Consejo Europeo, Donald Tusk, tras concluir una de las cumbres m\u00e1s largas que se hayan celebrado para decidir el rumbo de la UE.<\/p>\n\n\n\n<p>El encuentro fue convocado para el pasado domingo con la esperanza de dar carpetazo a un pacto que reservaba la presidencia de la Comisi\u00f3n a la izquierda. Pero la rebeli\u00f3n derechista contra este pacto trastoc\u00f3 todos los planes y prolong\u00f3 la cumbre por tres jornadas, hasta ayer.<\/p>\n\n\n\n<p>El reparto final, anunciado por Tusk, supone una rotunda victoria del Partido Popular Europeo (PEE), de derecha, que el pasado lunes logr\u00f3 bloquear la candidatura del socialista Frans Timmermans a la presidencia de la Comisi\u00f3n. El holand\u00e9s se hab\u00eda perfilado como favorito. Unas 24 horas despu\u00e9s, el PPE se llev\u00f3 los dos principales puestos de la UE (el Consejo Europeo y el Banco Central).<\/p>\n\n\n\n<figure class=\"wp-block-image\"><img loading=\"lazy\" decoding=\"async\" width=\"873\" height=\"543\" src=\"http:\/\/diariodigitalmx.com\/wp-content\/uploads\/2019\/07\/Pluralidad-o-divisi\u00f3n.png\" alt=\"\" class=\"wp-image-7231\" srcset=\"https:\/\/diariodigitalmx.com\/wp-content\/uploads\/2019\/07\/Pluralidad-o-divisi\u00f3n.png 873w, https:\/\/diariodigitalmx.com\/wp-content\/uploads\/2019\/07\/Pluralidad-o-divisi\u00f3n-300x187.png 300w, https:\/\/diariodigitalmx.com\/wp-content\/uploads\/2019\/07\/Pluralidad-o-divisi\u00f3n-768x478.png 768w\" sizes=\"(max-width: 873px) 100vw, 873px\" \/><\/figure>\n","protected":false},"excerpt":{"rendered":"<p>*Pol\u00edticas de centroderecha, listas para enfrentar a los movimientos nacionalistas del bloque; Christine Lagarde deja el FMI para dirigir el Banco Central; Espa\u00f1a vuelve a los altos cargos tras ausencia de 15 a\u00f1os Tres intensos d\u00edas de negociaci\u00f3n y enfrentamientos entre mandatarios europeos arrojaron, contra todo pron\u00f3stico, una nueva planilla de l\u00edderes de la UE, [&hellip;]<\/p>\n","protected":false},"author":1,"featured_media":7230,"comment_status":"open","ping_status":"open","sticky":true,"template":"","format":"standard","meta":{"footnotes":""},"categories":[4],"tags":[],"_links":{"self":[{"href":"https:\/\/diariodigitalmx.com\/index.php\/wp-json\/wp\/v2\/posts\/7228"}],"collection":[{"href":"https:\/\/diariodigitalmx.com\/index.php\/wp-json\/wp\/v2\/posts"}],"about":[{"href":"https:\/\/diariodigitalmx.com\/index.php\/wp-json\/wp\/v2\/types\/post"}],"author":[{"embeddable":true,"href":"https:\/\/diariodigitalmx.com\/index.php\/wp-json\/wp\/v2\/users\/1"}],"replies":[{"embeddable":true,"href":"https:\/\/diariodigitalmx.com\/index.php\/wp-json\/wp\/v2\/comments?post=7228"}],"version-history":[{"count":3,"href":"https:\/\/diariodigitalmx.com\/index.php\/wp-json\/wp\/v2\/posts\/7228\/revisions"}],"predecessor-version":[{"id":7233,"href":"https:\/\/diariodigitalmx.com\/index.php\/wp-json\/wp\/v2\/posts\/7228\/revisions\/7233"}],"wp:featuredmedia":[{"embeddable":true,"href":"https:\/\/diariodigitalmx.com\/index.php\/wp-json\/wp\/v2\/media\/7230"}],"wp:attachment":[{"href":"https:\/\/diariodigitalmx.com\/index.php\/wp-json\/wp\/v2\/media?parent=7228"}],"wp:term":[{"taxonomy":"category","embeddable":true,"href":"https:\/\/diariodigitalmx.com\/index.php\/wp-json\/wp\/v2\/categories?post=7228"},{"taxonomy":"post_tag","embeddable":true,"href":"https:\/\/diariodigitalmx.com\/index.php\/wp-json\/wp\/v2\/tags?post=7228"}],"curies":[{"name":"wp","href":"https:\/\/api.w.org\/{rel}","templated":true}]}}