{"id":72284,"date":"2022-03-04T10:59:39","date_gmt":"2022-03-04T16:59:39","guid":{"rendered":"http:\/\/diariodigitalmx.com\/?p=72284"},"modified":"2022-03-04T11:00:11","modified_gmt":"2022-03-04T17:00:11","slug":"en-la-huasteca-no-quieren-enviar-agua-a-nl","status":"publish","type":"post","link":"https:\/\/diariodigitalmx.com\/index.php\/2022\/03\/04\/en-la-huasteca-no-quieren-enviar-agua-a-nl\/","title":{"rendered":"En la Huasteca no quieren enviar agua a NL"},"content":{"rendered":"\n<p>*No es viable el proyecto de traer agua del P\u00e1nuco, dice AMLO <\/p>\n\n\n\n<p>CDMX &#8211; El presidente Andr\u00e9s Manuel L\u00f3pez se opuso a que Nuevo Le\u00f3n tenga agua del P\u00e1nuco porque no es viable el proyecto y la gente de la Huasteca no quiere que se utilice el l\u00edquido.&nbsp;<\/p>\n\n\n\n<p>&#8220;No porque los estados, en el caso de San Luis, no conozco la opini\u00f3n del Gobierno de Tamaulipas, no quieren que se utilice el agua del R\u00edo P\u00e1nuco, de la Huasteca, no quieren. Ese es un proyecto que viene del sexenio anterior que lo promovi\u00f3 mucho una empresa vinculada al Gobierno, de esas empresas favoritas que hab\u00eda, Higa&#8221;, coment\u00f3 L\u00f3pez.&nbsp;<\/p>\n\n\n\n<p>&#8220;S\u00f3lo para la pol\u00e9mica o para la publicidad, pero la gente de la Huasteca no va a permitir que el agua del P\u00e1nuco se lleve a Nuevo Le\u00f3n&#8221;, pronostic\u00f3.&nbsp;<\/p>\n\n\n\n<p>Sin embargo, se compromete a apoyar a la entidad para encontrar soluci\u00f3n al problema del agua.&nbsp;<\/p>\n\n\n\n<p>&#8220;Pienso m\u00e1s que podamos hablar con el Gobernador de Nuevo Le\u00f3n, ayudarlo, porque s\u00ed hace falta, es un compromiso que tenemos y ponernos de acuerdo para ayudar&#8221;,<\/p>\n\n\n\n<p>El presidente L\u00f3pez dijo que se reunir\u00e1 con Samuel Garc\u00eda para revisar otros proyectos y solucionar el problema de abasto.<\/p>\n\n\n\n<p>&#8220;Pienso que el Gobernador de Nuevo Le\u00f3n est\u00e1 preocupado por la falta de agua, es una demanda sentida de la poblaci\u00f3n de Nuevo Le\u00f3n. Se hab\u00eda iniciado ya un proyecto para impulsar lo de la Presa Libertad, en Nuevo Le\u00f3n,desde luego es un proyecto que requiere recursos, nosotros vamos a ayudar, estoy por tener una reuni\u00f3n con el Gobernador de Nuevo Le\u00f3n&#8221;.<\/p>\n","protected":false},"excerpt":{"rendered":"<p>*No es viable el proyecto de traer agua del P\u00e1nuco, dice AMLO CDMX &#8211; El presidente Andr\u00e9s Manuel L\u00f3pez se opuso a que Nuevo Le\u00f3n tenga agua del P\u00e1nuco porque no es viable el proyecto y la gente de la Huasteca no quiere que se utilice el l\u00edquido.&nbsp; &#8220;No porque los estados, en el caso [&hellip;]<\/p>\n","protected":false},"author":1,"featured_media":72286,"comment_status":"open","ping_status":"open","sticky":true,"template":"","format":"standard","meta":{"footnotes":""},"categories":[2,3],"tags":[],"_links":{"self":[{"href":"https:\/\/diariodigitalmx.com\/index.php\/wp-json\/wp\/v2\/posts\/72284"}],"collection":[{"href":"https:\/\/diariodigitalmx.com\/index.php\/wp-json\/wp\/v2\/posts"}],"about":[{"href":"https:\/\/diariodigitalmx.com\/index.php\/wp-json\/wp\/v2\/types\/post"}],"author":[{"embeddable":true,"href":"https:\/\/diariodigitalmx.com\/index.php\/wp-json\/wp\/v2\/users\/1"}],"replies":[{"embeddable":true,"href":"https:\/\/diariodigitalmx.com\/index.php\/wp-json\/wp\/v2\/comments?post=72284"}],"version-history":[{"count":1,"href":"https:\/\/diariodigitalmx.com\/index.php\/wp-json\/wp\/v2\/posts\/72284\/revisions"}],"predecessor-version":[{"id":72285,"href":"https:\/\/diariodigitalmx.com\/index.php\/wp-json\/wp\/v2\/posts\/72284\/revisions\/72285"}],"wp:featuredmedia":[{"embeddable":true,"href":"https:\/\/diariodigitalmx.com\/index.php\/wp-json\/wp\/v2\/media\/72286"}],"wp:attachment":[{"href":"https:\/\/diariodigitalmx.com\/index.php\/wp-json\/wp\/v2\/media?parent=72284"}],"wp:term":[{"taxonomy":"category","embeddable":true,"href":"https:\/\/diariodigitalmx.com\/index.php\/wp-json\/wp\/v2\/categories?post=72284"},{"taxonomy":"post_tag","embeddable":true,"href":"https:\/\/diariodigitalmx.com\/index.php\/wp-json\/wp\/v2\/tags?post=72284"}],"curies":[{"name":"wp","href":"https:\/\/api.w.org\/{rel}","templated":true}]}}