{"id":72309,"date":"2022-03-05T21:17:08","date_gmt":"2022-03-06T03:17:08","guid":{"rendered":"http:\/\/diariodigitalmx.com\/?p=72309"},"modified":"2022-03-05T21:18:00","modified_gmt":"2022-03-06T03:18:00","slug":"con-misa-en-presa-la-boca-piden-que-llueva","status":"publish","type":"post","link":"https:\/\/diariodigitalmx.com\/index.php\/2022\/03\/05\/con-misa-en-presa-la-boca-piden-que-llueva\/","title":{"rendered":"Con misa en presa La Boca, piden que llueva"},"content":{"rendered":"\n<p>Walter&nbsp;Elizondo <\/p>\n\n\n\n<p>Santiago- cientos de personas acudieron a una misa en la casi seca Presa La Boca, encabezados por el Arzobispo Rogelio Cabrera L\u00f3pez y pidieron para que&nbsp; lleguen las lluvias y vuelva a llenarse el vaso que est\u00e1 a un 8 por ciento de su capacidad.&nbsp;<\/p>\n\n\n\n<p>En la misa realizada en el malec\u00f3n de la Presa, se\u00a0 incluy\u00f3 la imagen del Se\u00f1or de la Expiraci\u00f3n, tambi\u00e9n conocido como Se\u00f1or de la Lluvia porque desde hace 300 a\u00f1os se le implora en momentos de sequ\u00eda.<\/p>\n\n\n\n<figure class=\"wp-block-image size-large\"><img loading=\"lazy\" decoding=\"async\" width=\"628\" height=\"471\" src=\"http:\/\/diariodigitalmx.com\/wp-content\/uploads\/2022\/03\/reunen-fieles-catolicos-presa-la-boca-pedir-lluvia-3.jpg\" alt=\"\" class=\"wp-image-72313\" srcset=\"https:\/\/diariodigitalmx.com\/wp-content\/uploads\/2022\/03\/reunen-fieles-catolicos-presa-la-boca-pedir-lluvia-3.jpg 628w, https:\/\/diariodigitalmx.com\/wp-content\/uploads\/2022\/03\/reunen-fieles-catolicos-presa-la-boca-pedir-lluvia-3-300x225.jpg 300w\" sizes=\"(max-width: 628px) 100vw, 628px\" \/><\/figure>\n\n\n\n<p>Al servicio religioso asisti\u00f3 el gobernador Samuel Garc\u00eda Sep\u00falveda y su esposa Mariana Rodr\u00edguez, titular de la oficina Amar a Nuevo Le\u00f3n, as\u00ed como el alcalde de esta localidad, David de la Pe\u00f1a.&nbsp;<\/p>\n\n\n\n<p>El Arzobispo record\u00f3 que hemos vivido casi dos a\u00f1os de pandemia, pero creo, dijo, que todos podemos decir que Dios ha estado en medio de nosotros.<\/p>\n\n\n\n<p>&#8220;Si bien la pandemia dej\u00f3 dolor y llanto, tambi\u00e9n despert\u00f3 en nosotros los mejores sentimientos, creo que somos m\u00e1s humanos&#8221;, a\u00f1adi\u00f3.&nbsp;<\/p>\n\n\n\n<p>&#8220;No sabemos c\u00f3mo ni cu\u00e1ndo, pero tendremos agua, que el Se\u00f1or nos ayude a confiar. Mirando hacia la presa tenemos evidente la necesidad, pero confiemos&#8221;, puntualiz\u00f3 el prelado.&nbsp;<\/p>\n\n\n\n<p>Cabrera L\u00f3pez mencion\u00f3 que la sequ\u00eda en la Ciudad debe hacer tomar conciencia de la necesidad de cuidar el agua.&nbsp;<\/p>\n\n\n\n<p>Pero, apunt\u00f3, adem\u00e1s de orar, es necesario trabajar para preservar regalos como el agua.<\/p>\n\n\n\n<p>Horas antes, en un evento, el Gobernador Garc\u00eda Sep\u00falveda dijo que en el problema del agua no se puede depender de una ma\u00f1anera.&nbsp;<\/p>\n\n\n\n<p>&#8220;Hoy que vemos nuestras presas a un 8 \u00f3 un 11 por ciento, no podemos depender de que la Federaci\u00f3n o una ma\u00f1anera nos diga s\u00ed o no&#8221;, mencion\u00f3 al referirse al presidente L\u00f3pez quien dijo que no es viable traer agua del r\u00edo P\u00e1nuco a Nuevo Le\u00f3n.&nbsp;<\/p>\n","protected":false},"excerpt":{"rendered":"<p>Walter&nbsp;Elizondo Santiago- cientos de personas acudieron a una misa en la casi seca Presa La Boca, encabezados por el Arzobispo Rogelio Cabrera L\u00f3pez y pidieron para que&nbsp; lleguen las lluvias y vuelva a llenarse el vaso que est\u00e1 a un 8 por ciento de su capacidad.&nbsp; En la misa realizada en el malec\u00f3n de la [&hellip;]<\/p>\n","protected":false},"author":1,"featured_media":72311,"comment_status":"open","ping_status":"open","sticky":true,"template":"","format":"standard","meta":{"footnotes":""},"categories":[6,3],"tags":[],"_links":{"self":[{"href":"https:\/\/diariodigitalmx.com\/index.php\/wp-json\/wp\/v2\/posts\/72309"}],"collection":[{"href":"https:\/\/diariodigitalmx.com\/index.php\/wp-json\/wp\/v2\/posts"}],"about":[{"href":"https:\/\/diariodigitalmx.com\/index.php\/wp-json\/wp\/v2\/types\/post"}],"author":[{"embeddable":true,"href":"https:\/\/diariodigitalmx.com\/index.php\/wp-json\/wp\/v2\/users\/1"}],"replies":[{"embeddable":true,"href":"https:\/\/diariodigitalmx.com\/index.php\/wp-json\/wp\/v2\/comments?post=72309"}],"version-history":[{"count":3,"href":"https:\/\/diariodigitalmx.com\/index.php\/wp-json\/wp\/v2\/posts\/72309\/revisions"}],"predecessor-version":[{"id":72314,"href":"https:\/\/diariodigitalmx.com\/index.php\/wp-json\/wp\/v2\/posts\/72309\/revisions\/72314"}],"wp:featuredmedia":[{"embeddable":true,"href":"https:\/\/diariodigitalmx.com\/index.php\/wp-json\/wp\/v2\/media\/72311"}],"wp:attachment":[{"href":"https:\/\/diariodigitalmx.com\/index.php\/wp-json\/wp\/v2\/media?parent=72309"}],"wp:term":[{"taxonomy":"category","embeddable":true,"href":"https:\/\/diariodigitalmx.com\/index.php\/wp-json\/wp\/v2\/categories?post=72309"},{"taxonomy":"post_tag","embeddable":true,"href":"https:\/\/diariodigitalmx.com\/index.php\/wp-json\/wp\/v2\/tags?post=72309"}],"curies":[{"name":"wp","href":"https:\/\/api.w.org\/{rel}","templated":true}]}}