{"id":72325,"date":"2022-03-05T22:25:05","date_gmt":"2022-03-06T04:25:05","guid":{"rendered":"http:\/\/diariodigitalmx.com\/?p=72325"},"modified":"2022-03-05T22:25:39","modified_gmt":"2022-03-06T04:25:39","slug":"respalda-amlo-postura-de-americo-proyecto-monterrey-vi-no-es-posible","status":"publish","type":"post","link":"https:\/\/diariodigitalmx.com\/index.php\/2022\/03\/05\/respalda-amlo-postura-de-americo-proyecto-monterrey-vi-no-es-posible\/","title":{"rendered":"Respalda AMLO postura de Am\u00e9rico: proyecto Monterrey VI, no es posible"},"content":{"rendered":"\n<p>CD. DE M\u00c9XICO.- El presidente Andr\u00e9s Manuel L\u00f3pez Obrador dej\u00f3 en claro que no apoya el proyecto h\u00eddrico Monterrey VI, mediante el cual el gobierno de Nuevo Le\u00f3n pretende llevar agua a la zona metropolitana, con lo que respald\u00f3 la postura, del precandidato de MORENA a la gubernatura de Tamaulipas, Am\u00e9rico Villarreal Anaya.<br>Durante la conferencia \u201cMa\u00f1anera\u201d, el mandatario nacional no descart\u00f3 que la federaci\u00f3n ayude a NL, pero de otra forma.<br>Manifest\u00f3 que aunque no es opositor, no cree viable la propuesta, pues la gente no permitir\u00eda que se lleven el agua de la Huasteca a otra entidad.<br>Inform\u00f3 que el gobierno de San Luis Potos\u00ed no quiere que se utilice el agua de la Huasteca y que desconoce la postura, al respecto, del gobierno de Tamaulipas.<br>L\u00f3pez Obrador consider\u00f3 que el gobernador de Nuevo Le\u00f3n est\u00e1 preocupado por la falta de agua y reconoci\u00f3 que es una demanda sentida de la poblaci\u00f3n.<br>Mencion\u00f3 que hay un proyecto para impulsar el uso del agua de la Presa Libertad en Nuevo Le\u00f3n y la federaci\u00f3n ayudar\u00e1 con recursos para que pueda lograrse.<\/p>\n\n\n\n<p>DECISI\u00d3N UNILATERAL AFECTAR\u00cdA A ESTADOS VECINOS: AM\u00c9RICO<\/p>\n\n\n\n<p>Cabe recordar que, recientemente, el precandidato de MORENA a la gubernatura de Tamaulipas, Am\u00e9rico Villarreal Anaya, sostuvo que el Proyecto Monterrey VI es poco factible y no se debe tomar una decisi\u00f3n unilateral, porque se estar\u00eda viendo por una exclusiva ciudad, sin considerar la afectaci\u00f3n y las necesidades de los estados directamente relacionados con el afluente.<br>Al fijar su posici\u00f3n sobre el tema, Villarreal Anaya, en reciente entrevista, manifest\u00f3 que hay antecedentes lamentables en la relaci\u00f3n con Nuevo Le\u00f3n, en cuanto a los acuerdos que se llevan para el cumplimiento de la Ley del Agua de 1944 y el suministro del vital l\u00edquido para la zona colindante del r\u00edo Bravo y los distritos de riego de Tamaulipas.<br>\u201cSe hizo la presa El Cuchillo para guardar los excedentes del r\u00edo San Juan y llenar la presa Marte R. G\u00f3mez de la que dependen los distritos 025 y 026, pero no respetaron el convenio, no se quedaron con los excedentes, se quedaron con la totalidad y a Tamaulipas le mandaron los excedentes que debieron quedarse en aquella presa nuevoleonesa\u201d, expres\u00f3 Villarreal.<br>Propuso a la CONAGUA actualizar la informaci\u00f3n sobre el tema, porque as\u00ed como Nuevo Le\u00f3n enfrenta desabasto de agua, igual le est\u00e1 pasando a otras entidades que se surten del P\u00e1nuco.<\/p>\n","protected":false},"excerpt":{"rendered":"<p>CD. DE M\u00c9XICO.- El presidente Andr\u00e9s Manuel L\u00f3pez Obrador dej\u00f3 en claro que no apoya el proyecto h\u00eddrico Monterrey VI, mediante el cual el gobierno de Nuevo Le\u00f3n pretende llevar agua a la zona metropolitana, con lo que respald\u00f3 la postura, del precandidato de MORENA a la gubernatura de Tamaulipas, Am\u00e9rico Villarreal Anaya.Durante la conferencia [&hellip;]<\/p>\n","protected":false},"author":1,"featured_media":72327,"comment_status":"open","ping_status":"open","sticky":true,"template":"","format":"standard","meta":{"footnotes":""},"categories":[3,19],"tags":[],"_links":{"self":[{"href":"https:\/\/diariodigitalmx.com\/index.php\/wp-json\/wp\/v2\/posts\/72325"}],"collection":[{"href":"https:\/\/diariodigitalmx.com\/index.php\/wp-json\/wp\/v2\/posts"}],"about":[{"href":"https:\/\/diariodigitalmx.com\/index.php\/wp-json\/wp\/v2\/types\/post"}],"author":[{"embeddable":true,"href":"https:\/\/diariodigitalmx.com\/index.php\/wp-json\/wp\/v2\/users\/1"}],"replies":[{"embeddable":true,"href":"https:\/\/diariodigitalmx.com\/index.php\/wp-json\/wp\/v2\/comments?post=72325"}],"version-history":[{"count":1,"href":"https:\/\/diariodigitalmx.com\/index.php\/wp-json\/wp\/v2\/posts\/72325\/revisions"}],"predecessor-version":[{"id":72326,"href":"https:\/\/diariodigitalmx.com\/index.php\/wp-json\/wp\/v2\/posts\/72325\/revisions\/72326"}],"wp:featuredmedia":[{"embeddable":true,"href":"https:\/\/diariodigitalmx.com\/index.php\/wp-json\/wp\/v2\/media\/72327"}],"wp:attachment":[{"href":"https:\/\/diariodigitalmx.com\/index.php\/wp-json\/wp\/v2\/media?parent=72325"}],"wp:term":[{"taxonomy":"category","embeddable":true,"href":"https:\/\/diariodigitalmx.com\/index.php\/wp-json\/wp\/v2\/categories?post=72325"},{"taxonomy":"post_tag","embeddable":true,"href":"https:\/\/diariodigitalmx.com\/index.php\/wp-json\/wp\/v2\/tags?post=72325"}],"curies":[{"name":"wp","href":"https:\/\/api.w.org\/{rel}","templated":true}]}}