{"id":7234,"date":"2019-07-03T20:09:32","date_gmt":"2019-07-04T01:09:32","guid":{"rendered":"http:\/\/diariodigitalmx.com\/?p=7234"},"modified":"2019-10-18T16:54:50","modified_gmt":"2019-10-18T21:54:50","slug":"muere-el-luchador-perro-aguayo-a-los-73-anos","status":"publish","type":"post","link":"https:\/\/diariodigitalmx.com\/index.php\/2019\/07\/03\/muere-el-luchador-perro-aguayo-a-los-73-anos\/","title":{"rendered":"Muere el luchador Perro Aguayo a los 73 a\u00f1os"},"content":{"rendered":"\n<p>Pedro Aguayo Dami\u00e1n, mejor conocido como &#8220;El Perro Aguayo&#8221;, muri\u00f3 este mi\u00e9rcoles a la edad de 73 a\u00f1os de edad.<br><br>A trav\u00e9s de Facebook, los Perros del Mal confirmaron la lamentable noticia.<br><br>&#8220;La Familia Aguayo Ramirez con mucho dolor comunicamos el sensible fallecimiento de nuestro amado padre y esposo Don Pedro Perro Aguayo&#8221;.<br>El \u201cCan de Nochistl\u00e1n\u201d falleci\u00f3 a los 73 a\u00f1os, dejando un legado imborrable en su andar por los cuadril\u00e1teros mexicanos e internacionales.<\/p>\n\n\n\n<p>Debut\u00f3 en 1968 y durante su trayectoria altern\u00f3 entre el bando rudo y t\u00e9cnico, gan\u00e1ndose el aprecio de la exigente afici\u00f3n.<\/p>\n\n\n\n<p>Aguayo Dami\u00e1n se despidi\u00f3 de los encordados el 30 de marzo del 2001, perdiendo la cabellera ante Universo 2000 en la funci\u00f3n \u201cJuicio Final\u201d, celebrada en su natal Zacatecas.<\/p>\n\n\n\n<p>El oriundo de Zacatecas form\u00f3 parte del grupo de luchadores que aparecieron en el cine.<\/p>\n\n\n\n<p>El Perro apareci\u00f3 en varias cintas como en Justicieros y El \u00e1ngel del silencio, donde apareci\u00f3 junto al primer actor Rogelio Guerra.<\/p>\n\n\n\n<p>En 2012, Pedro Aguayo fue reconocido por la AAA como miembro del sal\u00f3n de la fama en el evento de la caravana tres veces estelar Tripleman\u00eda XX.<\/p>\n\n\n\n<ul class=\"wp-block-gallery columns-2 is-cropped wp-block-gallery-1 is-layout-flex wp-block-gallery-is-layout-flex\"><li class=\"blocks-gallery-item\"><figure><img loading=\"lazy\" decoding=\"async\" width=\"275\" height=\"490\" src=\"http:\/\/diariodigitalmx.com\/wp-content\/uploads\/2019\/07\/images-1-1.jpeg\" alt=\"\" data-id=\"7238\" data-link=\"http:\/\/diariodigitalmx.com\/index.php\/2019\/07\/03\/muere-el-luchador-perro-aguayo-a-los-73-anos\/images-1-20\/\" class=\"wp-image-7238\" srcset=\"https:\/\/diariodigitalmx.com\/wp-content\/uploads\/2019\/07\/images-1-1.jpeg 275w, https:\/\/diariodigitalmx.com\/wp-content\/uploads\/2019\/07\/images-1-1-168x300.jpeg 168w\" sizes=\"(max-width: 275px) 100vw, 275px\" \/><\/figure><\/li><li class=\"blocks-gallery-item\"><figure><img loading=\"lazy\" decoding=\"async\" width=\"475\" height=\"646\" src=\"http:\/\/diariodigitalmx.com\/wp-content\/uploads\/2019\/07\/images-4.jpeg\" alt=\"\" data-id=\"7239\" data-link=\"http:\/\/diariodigitalmx.com\/index.php\/2019\/07\/03\/muere-el-luchador-perro-aguayo-a-los-73-anos\/images-91\/\" class=\"wp-image-7239\" srcset=\"https:\/\/diariodigitalmx.com\/wp-content\/uploads\/2019\/07\/images-4.jpeg 475w, https:\/\/diariodigitalmx.com\/wp-content\/uploads\/2019\/07\/images-4-221x300.jpeg 221w\" sizes=\"(max-width: 475px) 100vw, 475px\" \/><\/figure><\/li><\/ul>\n","protected":false},"excerpt":{"rendered":"<p>Pedro Aguayo Dami\u00e1n, mejor conocido como &#8220;El Perro Aguayo&#8221;, muri\u00f3 este mi\u00e9rcoles a la edad de 73 a\u00f1os de edad. A trav\u00e9s de Facebook, los Perros del Mal confirmaron la lamentable noticia. &#8220;La Familia Aguayo Ramirez con mucho dolor comunicamos el sensible fallecimiento de nuestro amado padre y esposo Don Pedro Perro Aguayo&#8221;.El \u201cCan de [&hellip;]<\/p>\n","protected":false},"author":1,"featured_media":7236,"comment_status":"open","ping_status":"open","sticky":true,"template":"","format":"standard","meta":{"footnotes":""},"categories":[8],"tags":[],"_links":{"self":[{"href":"https:\/\/diariodigitalmx.com\/index.php\/wp-json\/wp\/v2\/posts\/7234"}],"collection":[{"href":"https:\/\/diariodigitalmx.com\/index.php\/wp-json\/wp\/v2\/posts"}],"about":[{"href":"https:\/\/diariodigitalmx.com\/index.php\/wp-json\/wp\/v2\/types\/post"}],"author":[{"embeddable":true,"href":"https:\/\/diariodigitalmx.com\/index.php\/wp-json\/wp\/v2\/users\/1"}],"replies":[{"embeddable":true,"href":"https:\/\/diariodigitalmx.com\/index.php\/wp-json\/wp\/v2\/comments?post=7234"}],"version-history":[{"count":2,"href":"https:\/\/diariodigitalmx.com\/index.php\/wp-json\/wp\/v2\/posts\/7234\/revisions"}],"predecessor-version":[{"id":7240,"href":"https:\/\/diariodigitalmx.com\/index.php\/wp-json\/wp\/v2\/posts\/7234\/revisions\/7240"}],"wp:featuredmedia":[{"embeddable":true,"href":"https:\/\/diariodigitalmx.com\/index.php\/wp-json\/wp\/v2\/media\/7236"}],"wp:attachment":[{"href":"https:\/\/diariodigitalmx.com\/index.php\/wp-json\/wp\/v2\/media?parent=7234"}],"wp:term":[{"taxonomy":"category","embeddable":true,"href":"https:\/\/diariodigitalmx.com\/index.php\/wp-json\/wp\/v2\/categories?post=7234"},{"taxonomy":"post_tag","embeddable":true,"href":"https:\/\/diariodigitalmx.com\/index.php\/wp-json\/wp\/v2\/tags?post=7234"}],"curies":[{"name":"wp","href":"https:\/\/api.w.org\/{rel}","templated":true}]}}